{"id":13534,"date":"2021-02-11T13:01:58","date_gmt":"2021-02-11T16:01:58","guid":{"rendered":"http:\/\/www.centraldenoticias.com.ar\/?p=13534"},"modified":"2021-02-11T13:01:58","modified_gmt":"2021-02-11T16:01:58","slug":"incorporan-grupos-de-riesgo-para-recibir-la-sputnik-v-contra-el-covid","status":"publish","type":"post","link":"https:\/\/cdnoticias.com\/index.php\/2021\/02\/11\/incorporan-grupos-de-riesgo-para-recibir-la-sputnik-v-contra-el-covid\/","title":{"rendered":"Incorporan grupos de riesgo para recibir la Sputnik V contra el COVID"},"content":{"rendered":"<p>Embarazadas, mujeres en periodo de lactancia y personas inmunocomprometidas, junto con quienes padecen enfermedades autoinmunes, podr\u00e1n recibir la vacuna contra el coronavirus.<!--more--><\/p>\n<hr \/>\n<p>El Ministerio de Salud confirm\u00f3 este jueves que <strong>se agregaron grupos de riesgo para recibir la Sputnik V contra el coronavirus.<\/strong><\/p>\n<p>&nbsp;<\/p>\n<p>A partir de ahora, seg\u00fan confirm\u00f3 al infect\u00f3loga Florencia Cahn desde la Comisi\u00f3n Nacional de Inmunizaciones, se <strong><em>\u201cexcluye el concepto de \u2018contraindicaci\u00f3n para la vacunaci\u00f3n contra la COVID-19\u2019 para embarazadas, mujeres en per\u00edodo de lactancia, personas inmunocomprometidas o con enfermedades autoinmunes que formen parte de los grupos que pertenecen a la poblaci\u00f3n objetivo a vacunar\u201d.<\/em><\/strong><\/p>\n<p>&nbsp;<\/p>\n<blockquote><p>Esto es \u201csiempre y cuando la plataforma de la vacuna utilizada no sea a virus vivos y atenuados\u201d.<\/p><\/blockquote>\n<p>&nbsp;<\/p>\n<p>Cabe se\u00f1alar que <strong>esto fue consensuado adem\u00e1s con sociedades cient\u00edficas y en l\u00ednea con los an\u00e1lisis y recomendaciones publicadas en las \u00faltimas semanas en otros pa\u00edses.<\/strong><\/p>\n<p>&nbsp;<\/p>\n<p>De esta forma, todos los grupos podr\u00e1n desde ahora optar por vacunarse con las dosis de la vacuna rusa, as\u00ed como tambi\u00e9n <strong><em>\u201cal personal de salud, personal estrat\u00e9gico, docente y no docente y los que presenten enfermedades subyacentes como diabetes, obesidad grado 2 o mayor o enfermedades cr\u00f3nicas renales, respiratorias o card\u00edacas\u201d.<\/em><\/strong><\/p>\n<p>&nbsp;<\/p>\n<blockquote><p>El Ministerio de Salud asegura que esta recomendaci\u00f3n de vacunaci\u00f3n a embarazadas se sustenta en la necesidad de realizar una evaluaci\u00f3n individualizada del beneficio que puede ofrecer la vacunaci\u00f3n.<\/p><\/blockquote>\n<p>&nbsp;<\/p>\n<p>El riesgo de presentar eventos adversos graves<em> \u201ces muy poco probable al no tratarse de plataformas a virus vivos y atenuados y que la contraindicaci\u00f3n por falta de evidencia dejar\u00eda expuesto al individuo a un alto riesgo epidemiol\u00f3gico considerando su mayor vulnerabilidad\u201d.<\/em><\/p>\n","protected":false},"excerpt":{"rendered":"<p>Embarazadas, mujeres en periodo de lactancia y personas inmunocomprometidas, junto con quienes padecen enfermedades autoinmunes, podr\u00e1n recibir la vacuna contra<\/p>\n","protected":false},"author":2,"featured_media":12527,"comment_status":"closed","ping_status":"closed","sticky":false,"template":"","format":"standard","meta":{"_jetpack_memberships_contains_paid_content":false,"footnotes":""},"categories":[6,1],"tags":[],"class_list":["post-13534","post","type-post","status-publish","format-standard","has-post-thumbnail","hentry","category-nacionales","category-portada"],"jetpack_featured_media_url":"https:\/\/i0.wp.com\/cdnoticias.com\/wp-content\/uploads\/2021\/01\/WhatsApp-Image-2021-01-29-at-15.01.59.jpeg?fit=1280%2C847&ssl=1","jetpack_sharing_enabled":true,"_links":{"self":[{"href":"https:\/\/cdnoticias.com\/index.php\/wp-json\/wp\/v2\/posts\/13534","targetHints":{"allow":["GET"]}}],"collection":[{"href":"https:\/\/cdnoticias.com\/index.php\/wp-json\/wp\/v2\/posts"}],"about":[{"href":"https:\/\/cdnoticias.com\/index.php\/wp-json\/wp\/v2\/types\/post"}],"author":[{"embeddable":true,"href":"https:\/\/cdnoticias.com\/index.php\/wp-json\/wp\/v2\/users\/2"}],"replies":[{"embeddable":true,"href":"https:\/\/cdnoticias.com\/index.php\/wp-json\/wp\/v2\/comments?post=13534"}],"version-history":[{"count":0,"href":"https:\/\/cdnoticias.com\/index.php\/wp-json\/wp\/v2\/posts\/13534\/revisions"}],"wp:featuredmedia":[{"embeddable":true,"href":"https:\/\/cdnoticias.com\/index.php\/wp-json\/wp\/v2\/media\/12527"}],"wp:attachment":[{"href":"https:\/\/cdnoticias.com\/index.php\/wp-json\/wp\/v2\/media?parent=13534"}],"wp:term":[{"taxonomy":"category","embeddable":true,"href":"https:\/\/cdnoticias.com\/index.php\/wp-json\/wp\/v2\/categories?post=13534"},{"taxonomy":"post_tag","embeddable":true,"href":"https:\/\/cdnoticias.com\/index.php\/wp-json\/wp\/v2\/tags?post=13534"}],"curies":[{"name":"wp","href":"https:\/\/api.w.org\/{rel}","templated":true}]}}