{"id":135330,"date":"2021-07-24T21:14:35","date_gmt":"2021-07-25T00:14:35","guid":{"rendered":"http:\/\/centraldeportes.com.ar\/?p=2550"},"modified":"2025-01-27T21:58:21","modified_gmt":"2025-01-28T00:58:21","slug":"appko-clasifico-en-la-tarde-del-sabado-en-el-amco","status":"publish","type":"post","link":"https:\/\/cdnoticias.com\/index.php\/2021\/07\/24\/appko-clasifico-en-la-tarde-del-sabado-en-el-amco\/","title":{"rendered":"APPKO clasific\u00f3 en la tarde del s\u00e1bado en el AMCO"},"content":{"rendered":"<p>El karting desarroll\u00f3 la clasificaci\u00f3n en el kart\u00f3dromo olavarriense y Nicol\u00e1s Hammers, Federico Roumec, Santiago Skeich, Paula Zandegiacomi, Sim\u00f3n Marcos, Franco S\u00e1nchez y Luca Crudele fueron los poleman de la jornada.<!--more--><\/p>\n<hr \/>\n<p>El quinto cap\u00edtulo del a\u00f1o de APPKO ya se desarrolla en el Amco, y este s\u00e1bado comenz\u00f3 la actividad con entrenamientos y clasificaci\u00f3n.<\/p>\n<p>&nbsp;<\/p>\n<p>Nicol\u00e1s Hammers domin\u00f3 en Cajeros 150, relegando a Germ\u00e1n Caracino y Roque Terrasanta.<\/p>\n<p>&nbsp;<\/p>\n<p><img data-recalc-dims=\"1\" loading=\"lazy\" decoding=\"async\" class=\"aligncenter size-full wp-image-2552\" src=\"https:\/\/i0.wp.com\/centraldeportes.com.ar\/wp-content\/uploads\/2021\/07\/appko-1.png?resize=800%2C533\" alt=\"\" width=\"800\" height=\"533\" \/><\/p>\n<p>&nbsp;<\/p>\n<p>En Cajeros 125 la pole fue para Federico Roumec, seguido por Nahuel Irureta y Pablo Canni P\u00e9rez.<\/p>\n<p>&nbsp;<\/p>\n<p>En Directos RF Santiago Skeich fue el m\u00e1s r\u00e1pido, seguido por Jean Abbadie y Luciano Gallardo.<\/p>\n<p>&nbsp;<\/p>\n<p><img data-recalc-dims=\"1\" loading=\"lazy\" decoding=\"async\" class=\"aligncenter size-full wp-image-2553\" src=\"https:\/\/i0.wp.com\/centraldeportes.com.ar\/wp-content\/uploads\/2021\/07\/appko-2.png?resize=800%2C533\" alt=\"\" width=\"800\" height=\"533\" \/><\/p>\n<p>&nbsp;<\/p>\n<p>Paulo Zandegiacomi marc\u00f3 el camino en Cadetes 150. Lo siguieron en el clasificador Juan Pedro Arano y Lautaro Zurita.<\/p>\n<p>&nbsp;<\/p>\n<p>La Master 150 tuvo el dominio de Sim\u00f3n Marcos, segundo qued\u00f3 Mariano Fornes y tercero Iv\u00e1n Borda.<\/p>\n<p>&nbsp;<\/p>\n<p>En la categor\u00eda Escuelita Franco S\u00e1nchez se convirti\u00f3 en el poleman, Facundo Arellano y Bruno Oliver lo siguieron en el clasificador.<\/p>\n<p>&nbsp;<\/p>\n<p><img data-recalc-dims=\"1\" loading=\"lazy\" decoding=\"async\" class=\"aligncenter size-full wp-image-2554\" src=\"https:\/\/i0.wp.com\/centraldeportes.com.ar\/wp-content\/uploads\/2021\/07\/appko-3.png?resize=800%2C533\" alt=\"\" width=\"800\" height=\"533\" \/><\/p>\n<p>&nbsp;<\/p>\n<p>La Junior 150 tuvo el dominio de Luca Crudele, relegando al segundo lugar a Valent\u00edn Frank y Bautista Robbiani al tercer lugar.<\/p>\n<p>&nbsp;<\/p>\n<p>Este domingo se disputar\u00e1n las series a partir de las 9:00 y tras definirse las grillas de partida se disputar\u00e1n las finales.<\/p>\n","protected":false},"excerpt":{"rendered":"<p>El karting desarroll\u00f3 la clasificaci\u00f3n en el kart\u00f3dromo olavarriense y Nicol\u00e1s Hammers, Federico Roumec, Santiago Skeich, Paula Zandegiacomi, Sim\u00f3n Marcos,<\/p>\n","protected":false},"author":96739694,"featured_media":0,"comment_status":"closed","ping_status":"closed","sticky":false,"template":"","format":"standard","meta":{"_jetpack_memberships_contains_paid_content":false,"footnotes":""},"categories":[33,34,1],"tags":[],"class_list":["post-135330","post","type-post","status-publish","format-standard","hentry","category-appko","category-automovilismo","category-portada"],"jetpack_featured_media_url":"","jetpack_sharing_enabled":true,"_links":{"self":[{"href":"https:\/\/cdnoticias.com\/index.php\/wp-json\/wp\/v2\/posts\/135330","targetHints":{"allow":["GET"]}}],"collection":[{"href":"https:\/\/cdnoticias.com\/index.php\/wp-json\/wp\/v2\/posts"}],"about":[{"href":"https:\/\/cdnoticias.com\/index.php\/wp-json\/wp\/v2\/types\/post"}],"author":[{"embeddable":true,"href":"https:\/\/cdnoticias.com\/index.php\/wp-json\/wp\/v2\/users\/96739694"}],"replies":[{"embeddable":true,"href":"https:\/\/cdnoticias.com\/index.php\/wp-json\/wp\/v2\/comments?post=135330"}],"version-history":[{"count":0,"href":"https:\/\/cdnoticias.com\/index.php\/wp-json\/wp\/v2\/posts\/135330\/revisions"}],"wp:attachment":[{"href":"https:\/\/cdnoticias.com\/index.php\/wp-json\/wp\/v2\/media?parent=135330"}],"wp:term":[{"taxonomy":"category","embeddable":true,"href":"https:\/\/cdnoticias.com\/index.php\/wp-json\/wp\/v2\/categories?post=135330"},{"taxonomy":"post_tag","embeddable":true,"href":"https:\/\/cdnoticias.com\/index.php\/wp-json\/wp\/v2\/tags?post=135330"}],"curies":[{"name":"wp","href":"https:\/\/api.w.org\/{rel}","templated":true}]}}