{"id":135329,"date":"2021-07-24T19:49:38","date_gmt":"2021-07-24T22:49:38","guid":{"rendered":"http:\/\/centraldeportes.com.ar\/?p=2544"},"modified":"2025-01-27T21:58:51","modified_gmt":"2025-01-28T00:58:51","slug":"gran-actuacion-de-mateo-clemente-en-la-reserva-de-afa","status":"publish","type":"post","link":"https:\/\/cdnoticias.com\/index.php\/2021\/07\/24\/gran-actuacion-de-mateo-clemente-en-la-reserva-de-afa\/","title":{"rendered":"Gran actuaci\u00f3n de Mateo Clemente en la Reserva de AFA"},"content":{"rendered":"<p>El jugador surgido en Embajadores fue determinante en el triunfo de San Lorenzo ante Central C\u00f3rdoba en la segunda fecha del Torneo de Reserva que se disput\u00f3 en la ma\u00f1ana del viernes.<!--more--><\/p>\n<hr \/>\n<p>Mateo Clemente ataj\u00f3 un penal en la victoria 1 a 0 de San Lorenzo ante Central C\u00f3rdoba, fue a los 30 minutos de la primera parte cuando Pablo Barraza no pudo cambiar penal por gol.<\/p>\n<p>&nbsp;<\/p>\n<p>[embedyt] https:\/\/www.youtube.com\/watch?v=D_stXXP8LGc[\/embedyt]<\/p>\n<p>&nbsp;<\/p>\n<p>Finalmente fue victoria 1 a 0 del \u201cCicl\u00f3n\u201d con gol de Agust\u00edn Hausch que suma seis puntos sobre seis posibles y debut\u00f3 con triunfo en su primera presentaci\u00f3n como local en Ciudad Deportiva.<\/p>\n","protected":false},"excerpt":{"rendered":"<p>El jugador surgido en Embajadores fue determinante en el triunfo de San Lorenzo ante Central C\u00f3rdoba en la segunda fecha<\/p>\n","protected":false},"author":96739694,"featured_media":142896,"comment_status":"closed","ping_status":"closed","sticky":false,"template":"","format":"standard","meta":{"_jetpack_memberships_contains_paid_content":false,"footnotes":""},"categories":[35,1],"tags":[],"class_list":["post-135329","post","type-post","status-publish","format-standard","has-post-thumbnail","hentry","category-futbol","category-portada"],"jetpack_featured_media_url":"https:\/\/i0.wp.com\/cdnoticias.com\/wp-content\/uploads\/2021\/07\/reserva-san-lorenzo-central-cordoba.jpg?fit=760%2C518&ssl=1","jetpack_sharing_enabled":true,"_links":{"self":[{"href":"https:\/\/cdnoticias.com\/index.php\/wp-json\/wp\/v2\/posts\/135329","targetHints":{"allow":["GET"]}}],"collection":[{"href":"https:\/\/cdnoticias.com\/index.php\/wp-json\/wp\/v2\/posts"}],"about":[{"href":"https:\/\/cdnoticias.com\/index.php\/wp-json\/wp\/v2\/types\/post"}],"author":[{"embeddable":true,"href":"https:\/\/cdnoticias.com\/index.php\/wp-json\/wp\/v2\/users\/96739694"}],"replies":[{"embeddable":true,"href":"https:\/\/cdnoticias.com\/index.php\/wp-json\/wp\/v2\/comments?post=135329"}],"version-history":[{"count":0,"href":"https:\/\/cdnoticias.com\/index.php\/wp-json\/wp\/v2\/posts\/135329\/revisions"}],"wp:featuredmedia":[{"embeddable":true,"href":"https:\/\/cdnoticias.com\/index.php\/wp-json\/wp\/v2\/media\/142896"}],"wp:attachment":[{"href":"https:\/\/cdnoticias.com\/index.php\/wp-json\/wp\/v2\/media?parent=135329"}],"wp:term":[{"taxonomy":"category","embeddable":true,"href":"https:\/\/cdnoticias.com\/index.php\/wp-json\/wp\/v2\/categories?post=135329"},{"taxonomy":"post_tag","embeddable":true,"href":"https:\/\/cdnoticias.com\/index.php\/wp-json\/wp\/v2\/tags?post=135329"}],"curies":[{"name":"wp","href":"https:\/\/api.w.org\/{rel}","templated":true}]}}