{"id":135325,"date":"2021-07-24T11:23:48","date_gmt":"2021-07-24T14:23:48","guid":{"rendered":"http:\/\/centraldeportes.com.ar\/?p=2519"},"modified":"2025-01-27T21:58:56","modified_gmt":"2025-01-28T00:58:56","slug":"tarantola-y-correa-iguiniz-volvieron-a-representar-muy-bien-a-estudiantes","status":"publish","type":"post","link":"https:\/\/cdnoticias.com\/index.php\/2021\/07\/24\/tarantola-y-correa-iguiniz-volvieron-a-representar-muy-bien-a-estudiantes\/","title":{"rendered":"Tarantola y Correa Igui\u00f1iz volvieron a representar \u00a0muy bien a Estudiantes"},"content":{"rendered":"<p>Hubo continuidad de los diversos circuitos de menores de la Provincia con buenas actuaciones para Agustina Tarantola y Francisco Correa Igui\u00f1iz que quedaron entre los mejores de dos cert\u00e1menes.<!--more--><\/p>\n<hr \/>\n<p>D\u00edas atr\u00e1s, Francisco Correa Igui\u00f1iz particip\u00f3 del 4\u00b0 Regional de la Regi\u00f3n 6 organizado por el C\u00edrculo Argentino para Menores en categor\u00eda Sub 12. El olavarriense que representa a la Federaci\u00f3n del Tenis del Centro lleg\u00f3 hasta las semifinales del torneo realizado en Caril\u00f3 y perdi\u00f3 frente a Mat\u00edas Iriart por 6-3, 6-3.<\/p>\n<p>&nbsp;<\/p>\n<p>Por su parte, Agustina Tar\u00e1ntola particip\u00f3 en el 3er Nacional de Menores realizado en Capital Federal y perdi\u00f3 en octavos frente a Emily Zornada. La tenista del \u201cBataraz\u201d compiti\u00f3 en Sub 12 representando a la Federaci\u00f3n de Tenis de Buenos Aires.<\/p>\n","protected":false},"excerpt":{"rendered":"<p>Hubo continuidad de los diversos circuitos de menores de la Provincia con buenas actuaciones para Agustina Tarantola y Francisco Correa<\/p>\n","protected":false},"author":96739694,"featured_media":0,"comment_status":"closed","ping_status":"closed","sticky":false,"template":"","format":"standard","meta":{"_jetpack_memberships_contains_paid_content":false,"footnotes":""},"categories":[30,1],"tags":[],"class_list":["post-135325","post","type-post","status-publish","format-standard","hentry","category-polideportivo","category-portada"],"jetpack_featured_media_url":"","jetpack_sharing_enabled":true,"_links":{"self":[{"href":"https:\/\/cdnoticias.com\/index.php\/wp-json\/wp\/v2\/posts\/135325","targetHints":{"allow":["GET"]}}],"collection":[{"href":"https:\/\/cdnoticias.com\/index.php\/wp-json\/wp\/v2\/posts"}],"about":[{"href":"https:\/\/cdnoticias.com\/index.php\/wp-json\/wp\/v2\/types\/post"}],"author":[{"embeddable":true,"href":"https:\/\/cdnoticias.com\/index.php\/wp-json\/wp\/v2\/users\/96739694"}],"replies":[{"embeddable":true,"href":"https:\/\/cdnoticias.com\/index.php\/wp-json\/wp\/v2\/comments?post=135325"}],"version-history":[{"count":0,"href":"https:\/\/cdnoticias.com\/index.php\/wp-json\/wp\/v2\/posts\/135325\/revisions"}],"wp:attachment":[{"href":"https:\/\/cdnoticias.com\/index.php\/wp-json\/wp\/v2\/media?parent=135325"}],"wp:term":[{"taxonomy":"category","embeddable":true,"href":"https:\/\/cdnoticias.com\/index.php\/wp-json\/wp\/v2\/categories?post=135325"},{"taxonomy":"post_tag","embeddable":true,"href":"https:\/\/cdnoticias.com\/index.php\/wp-json\/wp\/v2\/tags?post=135325"}],"curies":[{"name":"wp","href":"https:\/\/api.w.org\/{rel}","templated":true}]}}