{"id":135312,"date":"2021-07-21T22:01:18","date_gmt":"2021-07-22T01:01:18","guid":{"rendered":"http:\/\/centraldeportes.com.ar\/?p=2469"},"modified":"2025-01-27T21:53:05","modified_gmt":"2025-01-28T00:53:05","slug":"fin-del-sueno-de-la-libertadores-para-lucas-janson-y-velez","status":"publish","type":"post","link":"https:\/\/cdnoticias.com\/index.php\/2021\/07\/21\/fin-del-sueno-de-la-libertadores-para-lucas-janson-y-velez\/","title":{"rendered":"Fin del sue\u00f1o de la Libertadores para Lucas Janson y V\u00e9lez"},"content":{"rendered":"<p>V\u00e9lez se present\u00f3 en el Monumental de Guayaquil y cay\u00f3 3 a 1 ante Barcelona para quedar eliminado de la Copa Libertadores. Lucas Janson fue titular.<!--more--><\/p>\n<hr \/>\n<p>Este mi\u00e9rcoles se termin\u00f3 el sue\u00f1o de la Copa Libertadores para V\u00e9lez que qued\u00f3 eliminado al finalizar la serie por 3 a 2. Adonis Preciado, Gabriel Cortez y Jonathan Perlaza anotaron el equipo ganador, mientras que la igualdad transitoria fue de Juan Mart\u00edn Lucero.<\/p>\n<p>&nbsp;<\/p>\n<p>Lucas Janson fue titular en el elenco dirigido por Mauricio Pellegrino y sali\u00f3 reemplazado a los 75&#8242; por Nicol\u00e1s Garayalde.<\/p>\n","protected":false},"excerpt":{"rendered":"<p>V\u00e9lez se present\u00f3 en el Monumental de Guayaquil y cay\u00f3 3 a 1 ante Barcelona para quedar eliminado de la<\/p>\n","protected":false},"author":96739694,"featured_media":142815,"comment_status":"closed","ping_status":"closed","sticky":false,"template":"","format":"standard","meta":{"_jetpack_memberships_contains_paid_content":false,"footnotes":""},"categories":[35,37,1],"tags":[],"class_list":["post-135312","post","type-post","status-publish","format-standard","has-post-thumbnail","hentry","category-futbol","category-futbol-profesional","category-portada"],"jetpack_featured_media_url":"https:\/\/i0.wp.com\/cdnoticias.com\/wp-content\/uploads\/2021\/07\/WhatsApp-Image-2021-07-21-at-21.13.41.jpeg?fit=1280%2C852&ssl=1","jetpack_sharing_enabled":true,"_links":{"self":[{"href":"https:\/\/cdnoticias.com\/index.php\/wp-json\/wp\/v2\/posts\/135312","targetHints":{"allow":["GET"]}}],"collection":[{"href":"https:\/\/cdnoticias.com\/index.php\/wp-json\/wp\/v2\/posts"}],"about":[{"href":"https:\/\/cdnoticias.com\/index.php\/wp-json\/wp\/v2\/types\/post"}],"author":[{"embeddable":true,"href":"https:\/\/cdnoticias.com\/index.php\/wp-json\/wp\/v2\/users\/96739694"}],"replies":[{"embeddable":true,"href":"https:\/\/cdnoticias.com\/index.php\/wp-json\/wp\/v2\/comments?post=135312"}],"version-history":[{"count":0,"href":"https:\/\/cdnoticias.com\/index.php\/wp-json\/wp\/v2\/posts\/135312\/revisions"}],"wp:featuredmedia":[{"embeddable":true,"href":"https:\/\/cdnoticias.com\/index.php\/wp-json\/wp\/v2\/media\/142815"}],"wp:attachment":[{"href":"https:\/\/cdnoticias.com\/index.php\/wp-json\/wp\/v2\/media?parent=135312"}],"wp:term":[{"taxonomy":"category","embeddable":true,"href":"https:\/\/cdnoticias.com\/index.php\/wp-json\/wp\/v2\/categories?post=135312"},{"taxonomy":"post_tag","embeddable":true,"href":"https:\/\/cdnoticias.com\/index.php\/wp-json\/wp\/v2\/tags?post=135312"}],"curies":[{"name":"wp","href":"https:\/\/api.w.org\/{rel}","templated":true}]}}