{"id":135311,"date":"2021-07-21T19:44:37","date_gmt":"2021-07-21T22:44:37","guid":{"rendered":"http:\/\/centraldeportes.com.ar\/?p=2465"},"modified":"2025-01-27T21:53:09","modified_gmt":"2025-01-28T00:53:09","slug":"footgolf-cristian-diaz-compitio-en-villa-gesell-y-llega-el-torneo-dia-del-amigo","status":"publish","type":"post","link":"https:\/\/cdnoticias.com\/index.php\/2021\/07\/21\/footgolf-cristian-diaz-compitio-en-villa-gesell-y-llega-el-torneo-dia-del-amigo\/","title":{"rendered":"Footgolf: Cristian D\u00edaz compiti\u00f3 en Villa Gesell y llega el \u201cTorneo D\u00eda del Amigo\u201d"},"content":{"rendered":"<p>El pasado fin de semana, un olavarriense compiti\u00f3 en la fecha del certamen organizado por la Federaci\u00f3n Argentina de Footgolf y logr\u00f3 el primer puesto. Por otro lado, en el campo olavarriense se llevar\u00e1 a cabo el Torneo \u201cD\u00eda del Amigo\u201d.<\/p>\n<p><!--more--><\/p>\n<hr \/>\n<p>Cristina D\u00edaz particip\u00f3 de la segunda fecha del Tour Villa Gesell y logr\u00f3 el t\u00edtulo en la categor\u00eda Bronce que cont\u00f3 con la participaci\u00f3n de 90 deportistas de toda la Provincia. El olavarriense logr\u00f3 72 golpes en el recorrido de 18 hoyos.<\/p>\n<p>&nbsp;<\/p>\n<p>El certamen que cont\u00f3 con una gran cantidad de participantes fue v\u00e1lido para el ranking de la Federaci\u00f3n Argentina de Footgolf.<\/p>\n<p>&nbsp;<\/p>\n<p>Por otro lado, la actividad furor en el 2020 volver\u00e1 al Complejo La Tradici\u00f3n con la disputa del Torneo \u201cD\u00eda del Amigo\u201den dos categor\u00edas, individual y por parejas mixta. Las personas interesadas en participar deber\u00e1n inscribirse al 02284-213971 o 0228-728390.<\/p>\n","protected":false},"excerpt":{"rendered":"<p>El pasado fin de semana, un olavarriense compiti\u00f3 en la fecha del certamen organizado por la Federaci\u00f3n Argentina de Footgolf<\/p>\n","protected":false},"author":96739694,"featured_media":142817,"comment_status":"closed","ping_status":"closed","sticky":false,"template":"","format":"standard","meta":{"_jetpack_memberships_contains_paid_content":false,"footnotes":""},"categories":[45,30,1],"tags":[],"class_list":["post-135311","post","type-post","status-publish","format-standard","has-post-thumbnail","hentry","category-colonias-y-cerros","category-polideportivo","category-portada"],"jetpack_featured_media_url":"https:\/\/i0.wp.com\/cdnoticias.com\/wp-content\/uploads\/2021\/07\/footgolf.png?fit=800%2C445&ssl=1","jetpack_sharing_enabled":true,"_links":{"self":[{"href":"https:\/\/cdnoticias.com\/index.php\/wp-json\/wp\/v2\/posts\/135311","targetHints":{"allow":["GET"]}}],"collection":[{"href":"https:\/\/cdnoticias.com\/index.php\/wp-json\/wp\/v2\/posts"}],"about":[{"href":"https:\/\/cdnoticias.com\/index.php\/wp-json\/wp\/v2\/types\/post"}],"author":[{"embeddable":true,"href":"https:\/\/cdnoticias.com\/index.php\/wp-json\/wp\/v2\/users\/96739694"}],"replies":[{"embeddable":true,"href":"https:\/\/cdnoticias.com\/index.php\/wp-json\/wp\/v2\/comments?post=135311"}],"version-history":[{"count":0,"href":"https:\/\/cdnoticias.com\/index.php\/wp-json\/wp\/v2\/posts\/135311\/revisions"}],"wp:featuredmedia":[{"embeddable":true,"href":"https:\/\/cdnoticias.com\/index.php\/wp-json\/wp\/v2\/media\/142817"}],"wp:attachment":[{"href":"https:\/\/cdnoticias.com\/index.php\/wp-json\/wp\/v2\/media?parent=135311"}],"wp:term":[{"taxonomy":"category","embeddable":true,"href":"https:\/\/cdnoticias.com\/index.php\/wp-json\/wp\/v2\/categories?post=135311"},{"taxonomy":"post_tag","embeddable":true,"href":"https:\/\/cdnoticias.com\/index.php\/wp-json\/wp\/v2\/tags?post=135311"}],"curies":[{"name":"wp","href":"https:\/\/api.w.org\/{rel}","templated":true}]}}