{"id":135296,"date":"2021-07-18T21:36:55","date_gmt":"2021-07-19T00:36:55","guid":{"rendered":"http:\/\/centraldeportes.com.ar\/?p=2352"},"modified":"2025-01-27T21:54:45","modified_gmt":"2025-01-28T00:54:45","slug":"el-torneo-de-verano-u17-fue-para-estudiantes-negro","status":"publish","type":"post","link":"https:\/\/cdnoticias.com\/index.php\/2021\/07\/18\/el-torneo-de-verano-u17-fue-para-estudiantes-negro\/","title":{"rendered":"El Torneo de Verano U17 fue para Estudiantes Negro"},"content":{"rendered":"<p>Estudiantes Negro se consagr\u00f3 campe\u00f3n del Torneo de Verano U17 de manera invicta en la definici\u00f3n de la competencia estival que se complet\u00f3 este domingo. Venci\u00f3 en la Final a Estudiantes Blanco por 79 a 50.<!--more--><\/p>\n<hr \/>\n<p>A pesar de las interrupciones producidas por la situaci\u00f3n sanitaria, se complet\u00f3 el primer torneo del a\u00f1o organizado por la Asociaci\u00f3n de B\u00e1squet de Olavarr\u00eda en el Maxigimnasio del Parque Guerrero.<\/p>\n<p>&nbsp;<\/p>\n<p>En primer turno de este domingo, Estudiantes Negro venci\u00f3 85 a 57 a San Mart\u00edn y accedi\u00f3 a la Final, mientras que Estudiantes Blanco se enfrent\u00f3 a Racing y se impuso ajustadamente por 78 a 75.<\/p>\n<p>&nbsp;<\/p>\n<p>[soliloquy slug=&#8221;final-torneo-de-verano-u17-cae-cae&#8221;]<\/p>\n<p>&nbsp;<\/p>\n<p>Ya en el turno tarde del cuadrangular, Racing se subi\u00f3 al \u00faltimo lugar del podio al vencer a San Mart\u00edn por 61 a 58 y en la final donde se enfrentaron los dos representantes de Estudiantes, fue victoria para el equipo U17.<\/p>\n<p>&nbsp;<\/p>\n<p>El \u201cBataraz\u201d Negro \u00a0domin\u00f3 de principio a fin las acciones frente a sus compa\u00f1eros de 16 a\u00f1os y se qued\u00f3 con el t\u00edtulo que se denomin\u00f3 \u201cCopa Mercantil Andina Seguros\u201d al imponerse 79 a 50.<\/p>\n","protected":false},"excerpt":{"rendered":"<p>Estudiantes Negro se consagr\u00f3 campe\u00f3n del Torneo de Verano U17 de manera invicta en la definici\u00f3n de la competencia estival<\/p>\n","protected":false},"author":96739694,"featured_media":0,"comment_status":"closed","ping_status":"closed","sticky":false,"template":"","format":"standard","meta":{"_jetpack_memberships_contains_paid_content":false,"footnotes":""},"categories":[31,44,1],"tags":[],"class_list":["post-135296","post","type-post","status-publish","format-standard","hentry","category-basquet","category-inferiores-basquet","category-portada"],"jetpack_featured_media_url":"","jetpack_sharing_enabled":true,"_links":{"self":[{"href":"https:\/\/cdnoticias.com\/index.php\/wp-json\/wp\/v2\/posts\/135296","targetHints":{"allow":["GET"]}}],"collection":[{"href":"https:\/\/cdnoticias.com\/index.php\/wp-json\/wp\/v2\/posts"}],"about":[{"href":"https:\/\/cdnoticias.com\/index.php\/wp-json\/wp\/v2\/types\/post"}],"author":[{"embeddable":true,"href":"https:\/\/cdnoticias.com\/index.php\/wp-json\/wp\/v2\/users\/96739694"}],"replies":[{"embeddable":true,"href":"https:\/\/cdnoticias.com\/index.php\/wp-json\/wp\/v2\/comments?post=135296"}],"version-history":[{"count":0,"href":"https:\/\/cdnoticias.com\/index.php\/wp-json\/wp\/v2\/posts\/135296\/revisions"}],"wp:attachment":[{"href":"https:\/\/cdnoticias.com\/index.php\/wp-json\/wp\/v2\/media?parent=135296"}],"wp:term":[{"taxonomy":"category","embeddable":true,"href":"https:\/\/cdnoticias.com\/index.php\/wp-json\/wp\/v2\/categories?post=135296"},{"taxonomy":"post_tag","embeddable":true,"href":"https:\/\/cdnoticias.com\/index.php\/wp-json\/wp\/v2\/tags?post=135296"}],"curies":[{"name":"wp","href":"https:\/\/api.w.org\/{rel}","templated":true}]}}