{"id":135295,"date":"2021-07-18T20:31:42","date_gmt":"2021-07-18T23:31:42","guid":{"rendered":"http:\/\/centraldeportes.com.ar\/?p=2349"},"modified":"2025-01-27T21:49:16","modified_gmt":"2025-01-28T00:49:16","slug":"municipales-y-ferro-quedaron-a-mano-en-el-domingo-colasurdo","status":"publish","type":"post","link":"https:\/\/cdnoticias.com\/index.php\/2021\/07\/18\/municipales-y-ferro-quedaron-a-mano-en-el-domingo-colasurdo\/","title":{"rendered":"Municipales y Ferro quedaron a mano en el Domingo Colasurdo"},"content":{"rendered":"<p>En el encuentro correspondiente a la 6\u00b0 fecha del Torneo Oficial de Primera Divisi\u00f3n, Deportivo Municipales fue m\u00e1s en el complemento e igual\u00f3 1 a 1 frente al \u201cCarbonero\u201d. Hugo Janson puso en ventaja a Ferro y Emmanuel Appelhans empat\u00f3 para los municipales.<!--more--><\/p>\n<hr \/>\n<p>El viento fue el gran protagonista en el inicio de la sexta jornada del f\u00fatbol mayor organizado por la Liga de Futbol de Olavarr\u00eda. Municipales tras la despedida del experimentado delantero Carlos Arena, ven\u00eda de perder frente a Embajadores mientras que Ferro buscaba recuperarse tras perder el cl\u00e1sico ante El Fort\u00edn la fecha pasada.<\/p>\n<p>&nbsp;<\/p>\n<p>En el inicio del cotejo las imprecisiones se apoderaron de los dos equipos, no generaron peligro en las \u00e1reas y tampoco hubo un claro dominador del bal\u00f3n. Sin embargo a los 10 minutos, un gran pase de Campos desde la mitad de la cancha habilit\u00f3 a Janson que defini\u00f3 bombeado al palo derecho de Ovejero y puso el 1 a 0 para Ferro.<\/p>\n<p>&nbsp;<\/p>\n<p>Luego del gol, el \u201ccarbonero\u201d empez\u00f3 a manejar mejor la pelota con buenas triangulaciones en el mediocampo creando sociedades entre Janson, Campos y De la Vega, pero no logr\u00f3 sostenerlo en el tiempo y el partido se volvi\u00f3 muy friccionado.<\/p>\n<p>&nbsp;<\/p>\n<p>La \u00faltima clara fue para Ferro que a los 43 minutos tuvo el segundo en los pies de Hammerschmidt pero el remate se fue por arriba del travesa\u00f1o.<\/p>\n<p>&nbsp;<\/p>\n<p>En el complemento, Municipales sali\u00f3 a jugar con otra mentalidad. Empez\u00f3 a tener m\u00e1s la pelota y a generar situaciones de peligro y a los 20 minutos del segundo tiempo avis\u00f3 con un remate de Appelhans que contuvo muy bien P\u00e9rez.<\/p>\n<p>&nbsp;<\/p>\n<p>Ferrara, en la jugada siguiente, desperdici\u00f3 la chance de ponerse 2 a 0 tras un mano a mano que contuvo muy bien Ovejero.<\/p>\n<p>&nbsp;<\/p>\n<p>No obstante a los 23 minutos del complemento, un derechazo desde afuera del \u00e1rea de Appelhans se col\u00f3 por el palo derecho del arquero del equipo que hizo de visitante en su propio estadio y sentenci\u00f3 el empate provisorio para Municipales.<\/p>\n<p>&nbsp;<\/p>\n<p>La igualdad en el marcador fue una inyecci\u00f3n an\u00edmica para el equipo \u201cmunicipal\u201d porque empez\u00f3 a tener espacios y a generar m\u00e1s ocasiones en el \u00e1rea rival, incluso tuvo una en los pies de Orsetti que no logr\u00f3 definir bien y se perdi\u00f3 por arriba del travesa\u00f1o.<\/p>\n<p>&nbsp;<\/p>\n<p>Sobre el final del encuentro, en el minuto 87, Ferro se qued\u00f3 con 10 jugadores tras la expulsi\u00f3n de Aguirre por roja directa luego de una dura entrada sobre Appelhans.<\/p>\n<p>&nbsp;<\/p>\n<p>En el resto de los partidos de la sexta fecha de primera divisi\u00f3n,\u00a0 San Mart\u00edn venci\u00f3 2 a 1 a Lujan en el \u201cPozo Serrano\u201d; El Fort\u00edn hizo lo propio en el \u201cRicardo S\u00e1nchez\u201d y le gan\u00f3 2 a 0 a Luj\u00e1n; El Provincial se impuso 4 a 3 a Atl\u00e9tico Sierra Chica y Racing gole\u00f3 a 3 a 0 a Loma Negra en el \u201cBuglione Martinese\u201d.<\/p>\n<p>El lunes cierran la 6\u00b0 jornada el puntero y el escolta, desde las 20:00 Estudiantes y Embajadores se miden en el Parque Carlos Guerrero.<\/p>\n<p>S\u00edntesis Municipales \u2013 Ferro Carril Sud:<br \/>\nMunicipales (1): Nicol\u00e1s Ovejero; Alan P\u00e9rez, Franco Vel\u00e1zquez, Ricardo Ferreyra (M. Herrera), Agust\u00edn Sosa (A. Bianchi); Braian Niz, Franco Orsetti (A. Ferrari), Emiliano Vistalli, Daniel Albornoz (J.Ug\u00f3n); Emmanuel Appelhans y Paolo Rossi. DT: Miguel Del Pino<br \/>\nFerro Carril Sud (1): Santiago P\u00e9rez; Cristian Echarri, Franco Aguirre, Brian Luna, Franco Hammerschmidt (A. Ben\u00edtez); Jonathan Campos (S. Alonso), Esteban Valdez (M. Gargalione), Rodrigo De la Vega, Hugo Janson (H. Blanco); Jos\u00e9 Vivas y Lorenzo Ferrara. DT: C\u00e9sar Arb\u00edo.<\/p>\n<p>Goles: 10m. PT Hugo Janson (F); 23m. ST Emmanuel Appelhans (M)<br \/>\nAmarillas: P\u00e9rez y Vel\u00e1zquez (Municipales); Vivas y Campos (Ferro)<br \/>\nExpulsados: 42m. ST Aguirre (Ferro)<br \/>\n\u00c1rbitro: Lisandro Rodr\u00edguez. Estadio: Domingo F. Colasurdo.<\/p>\n","protected":false},"excerpt":{"rendered":"<p>En el encuentro correspondiente a la 6\u00b0 fecha del Torneo Oficial de Primera Divisi\u00f3n, Deportivo Municipales fue m\u00e1s en el<\/p>\n","protected":false},"author":96739694,"featured_media":142749,"comment_status":"closed","ping_status":"closed","sticky":false,"template":"","format":"standard","meta":{"_jetpack_memberships_contains_paid_content":false,"footnotes":""},"categories":[35,1,41],"tags":[],"class_list":["post-135295","post","type-post","status-publish","format-standard","has-post-thumbnail","hentry","category-futbol","category-portada","category-primera-y-reserva"],"jetpack_featured_media_url":"https:\/\/i0.wp.com\/cdnoticias.com\/wp-content\/uploads\/2021\/07\/WhatsApp-Image-2021-07-18-at-20.30.45.jpeg?fit=1280%2C853&ssl=1","jetpack_sharing_enabled":true,"_links":{"self":[{"href":"https:\/\/cdnoticias.com\/index.php\/wp-json\/wp\/v2\/posts\/135295","targetHints":{"allow":["GET"]}}],"collection":[{"href":"https:\/\/cdnoticias.com\/index.php\/wp-json\/wp\/v2\/posts"}],"about":[{"href":"https:\/\/cdnoticias.com\/index.php\/wp-json\/wp\/v2\/types\/post"}],"author":[{"embeddable":true,"href":"https:\/\/cdnoticias.com\/index.php\/wp-json\/wp\/v2\/users\/96739694"}],"replies":[{"embeddable":true,"href":"https:\/\/cdnoticias.com\/index.php\/wp-json\/wp\/v2\/comments?post=135295"}],"version-history":[{"count":0,"href":"https:\/\/cdnoticias.com\/index.php\/wp-json\/wp\/v2\/posts\/135295\/revisions"}],"wp:featuredmedia":[{"embeddable":true,"href":"https:\/\/cdnoticias.com\/index.php\/wp-json\/wp\/v2\/media\/142749"}],"wp:attachment":[{"href":"https:\/\/cdnoticias.com\/index.php\/wp-json\/wp\/v2\/media?parent=135295"}],"wp:term":[{"taxonomy":"category","embeddable":true,"href":"https:\/\/cdnoticias.com\/index.php\/wp-json\/wp\/v2\/categories?post=135295"},{"taxonomy":"post_tag","embeddable":true,"href":"https:\/\/cdnoticias.com\/index.php\/wp-json\/wp\/v2\/tags?post=135295"}],"curies":[{"name":"wp","href":"https:\/\/api.w.org\/{rel}","templated":true}]}}