{"id":135292,"date":"2021-07-18T19:58:46","date_gmt":"2021-07-18T22:58:46","guid":{"rendered":"http:\/\/centraldeportes.com.ar\/?p=2344"},"modified":"2025-01-27T21:49:33","modified_gmt":"2025-01-28T00:49:33","slug":"encuentro-de-rugby-fortinero-para-festejar-la-amistad","status":"publish","type":"post","link":"https:\/\/cdnoticias.com\/index.php\/2021\/07\/18\/encuentro-de-rugby-fortinero-para-festejar-la-amistad\/","title":{"rendered":"Encuentro de rugby \u201cFortinero\u201d para festejar la amistad"},"content":{"rendered":"<p>El pasado s\u00e1bado se realiz\u00f3 un Encuentro de Rugby en el predio \u201cFortinero\u201d con motivo de celebrar el \u201cD\u00eda de la Amistad\u201d.<!--more--><\/p>\n<hr \/>\n<p>Bajo la consiga de participar del encuentro con un amigo, los alumnos de rugby del Club El Fort\u00edn tuvieron un s\u00e1bado de pura diversi\u00f3n, juegos, sorteos y un almuerzo.<\/p>\n<p>&nbsp;<\/p>\n<p><a href=\"https:\/\/i0.wp.com\/centraldeportes.com.ar\/wp-content\/uploads\/2021\/07\/WhatsApp-Image-2021-07-17-at-15.50.28.jpeg\"><img data-recalc-dims=\"1\" loading=\"lazy\" decoding=\"async\" class=\"aligncenter size-large wp-image-2346\" src=\"https:\/\/i0.wp.com\/centraldeportes.com.ar\/wp-content\/uploads\/2021\/07\/WhatsApp-Image-2021-07-17-at-15.50.28-1024x576.jpeg?resize=800%2C450\" alt=\"\" width=\"800\" height=\"450\" \/><\/a><\/p>\n<p>&nbsp;<\/p>\n<p>Un total de 32 deportistas en formaci\u00f3n de las categor\u00edas M5 a M12 participaron de la actividad que comenz\u00f3 en pasadas las 10:30 y finaliz\u00f3 cerca del mediod\u00eda para luego compartir una hamburgueasada.<\/p>\n<p>&nbsp;<\/p>\n<p>Vale destacar que los martes y jueves desde las 17:30 entrenan las categor\u00edas M8, M10 y M12 y los s\u00e1bados es el turno de la Escuelita Mixta desde los 4 a\u00f1os. Para mayor informaci\u00f3n contactarse al: 2284- 713963.<\/p>\n","protected":false},"excerpt":{"rendered":"<p>El pasado s\u00e1bado se realiz\u00f3 un Encuentro de Rugby en el predio \u201cFortinero\u201d con motivo de celebrar el \u201cD\u00eda de<\/p>\n","protected":false},"author":96739694,"featured_media":0,"comment_status":"closed","ping_status":"closed","sticky":false,"template":"","format":"standard","meta":{"_jetpack_memberships_contains_paid_content":false,"footnotes":""},"categories":[30,1],"tags":[],"class_list":["post-135292","post","type-post","status-publish","format-standard","hentry","category-polideportivo","category-portada"],"jetpack_featured_media_url":"","jetpack_sharing_enabled":true,"_links":{"self":[{"href":"https:\/\/cdnoticias.com\/index.php\/wp-json\/wp\/v2\/posts\/135292","targetHints":{"allow":["GET"]}}],"collection":[{"href":"https:\/\/cdnoticias.com\/index.php\/wp-json\/wp\/v2\/posts"}],"about":[{"href":"https:\/\/cdnoticias.com\/index.php\/wp-json\/wp\/v2\/types\/post"}],"author":[{"embeddable":true,"href":"https:\/\/cdnoticias.com\/index.php\/wp-json\/wp\/v2\/users\/96739694"}],"replies":[{"embeddable":true,"href":"https:\/\/cdnoticias.com\/index.php\/wp-json\/wp\/v2\/comments?post=135292"}],"version-history":[{"count":0,"href":"https:\/\/cdnoticias.com\/index.php\/wp-json\/wp\/v2\/posts\/135292\/revisions"}],"wp:attachment":[{"href":"https:\/\/cdnoticias.com\/index.php\/wp-json\/wp\/v2\/media?parent=135292"}],"wp:term":[{"taxonomy":"category","embeddable":true,"href":"https:\/\/cdnoticias.com\/index.php\/wp-json\/wp\/v2\/categories?post=135292"},{"taxonomy":"post_tag","embeddable":true,"href":"https:\/\/cdnoticias.com\/index.php\/wp-json\/wp\/v2\/tags?post=135292"}],"curies":[{"name":"wp","href":"https:\/\/api.w.org\/{rel}","templated":true}]}}