{"id":135285,"date":"2021-07-17T18:31:35","date_gmt":"2021-07-17T21:31:35","guid":{"rendered":"http:\/\/centraldeportes.com.ar\/?p=2273"},"modified":"2025-01-27T21:50:04","modified_gmt":"2025-01-28T00:50:04","slug":"buena-clasificacion-para-nicolas-pezzucchi-en-las-tc-pick-up","status":"publish","type":"post","link":"https:\/\/cdnoticias.com\/index.php\/2021\/07\/17\/buena-clasificacion-para-nicolas-pezzucchi-en-las-tc-pick-up\/","title":{"rendered":"Buena clasificaci\u00f3n para Nicol\u00e1s Pezzucchi en las TC Pick Up"},"content":{"rendered":"<p>Mariano Werner se qued\u00f3 con la pole, y a s\u00f3lo 145 mil\u00e9simas qued\u00f3 como escolta el piloto olavarriense. Ambos compartir\u00e1n la primera fila de la final.<\/p>\n<p><!--more--><\/p>\n<hr \/>\n<p>Las camionetas de la ACTC clasificaron este s\u00e1bado en el aut\u00f3dromo &#8220;Roberto Mouras&#8221; de La Plata, escenario para la quinta fecha del campeonato.<\/p>\n<p>&nbsp;<\/p>\n<p>Mariano Werner logr\u00f3 su segunda pole consecutiva con la Toyota, y tercera en lo que va del a\u00f1o. Consigui\u00f3 un mejor tiempo de 1m31s252 y se adue\u00f1\u00f3 de la mejor posici\u00f3n de partida.<\/p>\n<p>&nbsp;<\/p>\n<p>El piloto de Olavarr\u00eda, Nicol\u00e1s Pezzucchi, qued\u00f3 segundo con la Nissan Frontier, a s\u00f3lo 14 cent\u00e9simas, y compartir\u00e1 la primera fila de la final con el piloto entrerriano.<\/p>\n<p>&nbsp;<\/p>\n<p>Luciano Ventricelli con la Ford Ranger se ubic\u00f3 tercero, mientras que Alan Ruggiero y Juan Pablo Gianini completaron las cinco primeras ubicaciones.<\/p>\n<p>&nbsp;<\/p>\n<p>Este domingo continuar\u00e1 la actividad para las TC Pick Up con la quinta final de la temporada que se pondr\u00e1 en marcha a las 13.55, con Nicol\u00e1s Pezzucchi desde la primera fila.<\/p>\n","protected":false},"excerpt":{"rendered":"<p>Mariano Werner se qued\u00f3 con la pole, y a s\u00f3lo 145 mil\u00e9simas qued\u00f3 como escolta el piloto olavarriense. Ambos compartir\u00e1n<\/p>\n","protected":false},"author":96739694,"featured_media":142771,"comment_status":"closed","ping_status":"closed","sticky":false,"template":"","format":"standard","meta":{"_jetpack_memberships_contains_paid_content":false,"footnotes":""},"categories":[34,1,39],"tags":[],"class_list":["post-135285","post","type-post","status-publish","format-standard","has-post-thumbnail","hentry","category-automovilismo","category-portada","category-tc-pick-up"],"jetpack_featured_media_url":"https:\/\/i0.wp.com\/cdnoticias.com\/wp-content\/uploads\/2021\/07\/WhatsApp-Image-2021-07-17-at-17.50.19.jpeg?fit=1280%2C720&ssl=1","jetpack_sharing_enabled":true,"_links":{"self":[{"href":"https:\/\/cdnoticias.com\/index.php\/wp-json\/wp\/v2\/posts\/135285","targetHints":{"allow":["GET"]}}],"collection":[{"href":"https:\/\/cdnoticias.com\/index.php\/wp-json\/wp\/v2\/posts"}],"about":[{"href":"https:\/\/cdnoticias.com\/index.php\/wp-json\/wp\/v2\/types\/post"}],"author":[{"embeddable":true,"href":"https:\/\/cdnoticias.com\/index.php\/wp-json\/wp\/v2\/users\/96739694"}],"replies":[{"embeddable":true,"href":"https:\/\/cdnoticias.com\/index.php\/wp-json\/wp\/v2\/comments?post=135285"}],"version-history":[{"count":0,"href":"https:\/\/cdnoticias.com\/index.php\/wp-json\/wp\/v2\/posts\/135285\/revisions"}],"wp:featuredmedia":[{"embeddable":true,"href":"https:\/\/cdnoticias.com\/index.php\/wp-json\/wp\/v2\/media\/142771"}],"wp:attachment":[{"href":"https:\/\/cdnoticias.com\/index.php\/wp-json\/wp\/v2\/media?parent=135285"}],"wp:term":[{"taxonomy":"category","embeddable":true,"href":"https:\/\/cdnoticias.com\/index.php\/wp-json\/wp\/v2\/categories?post=135285"},{"taxonomy":"post_tag","embeddable":true,"href":"https:\/\/cdnoticias.com\/index.php\/wp-json\/wp\/v2\/tags?post=135285"}],"curies":[{"name":"wp","href":"https:\/\/api.w.org\/{rel}","templated":true}]}}