{"id":135280,"date":"2021-07-17T00:30:33","date_gmt":"2021-07-17T03:30:33","guid":{"rendered":"http:\/\/centraldeportes.com.ar\/?p=2229"},"modified":"2025-01-27T21:50:22","modified_gmt":"2025-01-28T00:50:22","slug":"el-clasico-fue-para-racing-en-el-inicio-de-la-competencia-domestica","status":"publish","type":"post","link":"https:\/\/cdnoticias.com\/index.php\/2021\/07\/17\/el-clasico-fue-para-racing-en-el-inicio-de-la-competencia-domestica\/","title":{"rendered":"El cl\u00e1sico fue para Racing en el inicio de la competencia dom\u00e9stica"},"content":{"rendered":"<p>Comenz\u00f3 el Torneo Apertura de Primera Divisi\u00f3n organizado por la Asociaci\u00f3n de B\u00e1squet de Olavarr\u00eda y en una nueva edici\u00f3n del cl\u00e1sico olavarriense, fue victoria para Racing Blanco que se impuso a Estudiantes Negro por 78 a 63.<!--more--><\/p>\n<hr \/>\n<p>En uno de los cuatro cl\u00e1sicos que tendr\u00e1 la competencia dom\u00e9stica, Racing Blanco se qued\u00f3 con el triunfo porque tuvo al goleador del cotejo, Mart\u00edn Delgado con 32 puntos y porque jug\u00f3 mejor b\u00e1squet durante m\u00e1s tiempo.<\/p>\n<p>&nbsp;<\/p>\n<p>A diferencia de lo que acostumbra, el \u201cChaira\u201d no abus\u00f3 del triple y a pesar de comenzar en desventaja, supo ser paciente en ataque con el tridente Weisbeck-Yaben-Delgado para lograr la primera distancia de la velada a poco de finalizar los primeros 10 minutos.<\/p>\n<p>&nbsp;<\/p>\n<p>En el segundo cuarto, los dirigidos por Mat\u00edas Orlando comenzaron con dos p\u00e9rdidas que poco importaron ya que con el correr de los minutos logr\u00f3 ampliar la diferencia con Mart\u00edn Delgado en ataque y con buena intensidad defensiva en grandes pasajes del periodo.<\/p>\n<p>&nbsp;<\/p>\n<p>Al regresar del descanso largo, el elenco de la \u201cEstrellita\u201d logr\u00f3 una ventaja de 30 puntos que sentenciaron el partido mucho antes de que el partido inaugural del certamen llegara al final y permiti\u00f3 el ingreso de todos los jugadores juveniles.<\/p>\n<p>&nbsp;<\/p>\n<p>Los \u00faltimos 10 minutos sirvieron para que el \u201cBataraz\u201d tuviera una reacci\u00f3n de la mano de Johu Castillo -goleador de su equipo con 20- y aprovechara a descontar ya que los locales s\u00f3lo anotaron 10 puntos.<\/p>\n<p>&nbsp;<\/p>\n<p>Racing gan\u00f3 bien, gener\u00f3 buenas situaciones ofensivas, sac\u00f3 ventajas a pesar de perder en cent\u00edmetros en las zonas pintadas y supo ser intenso en defensa para que Estudiantes s\u00f3lo pudiera generar peligro a trav\u00e9s del basquetbolista ecuatoriano.<\/p>\n<p>&nbsp;<\/p>\n<p>[soliloquy slug=&#8221;racing-blanco-cae-negro-primera&#8221;]<\/p>\n<p>&nbsp;<\/p>\n<p>S\u00edntesis Racing Blanco \u2013 Estudiantes Negro:<\/p>\n<p>Estadio: Parque Olavarr\u00eda<\/p>\n<p>\u00c1rbitro: Reyes, A. y Dom\u00ednguez, M.<\/p>\n<p><strong>Racing Blanco (78): \u00c1lvarez (3), Weisbeck (8), D\u00b4Alessio (9), Lardapide (6), Delgado (32) -FI- Alberca (0), V\u00e1zquez (2), Dupin (0), Leal (1), Yaben (17). DT- Mat\u00edas Orlando<\/strong><\/p>\n<p><strong>Estudiantes Negro (63): Castillo (20), Dilascio, L. (7), Aman, S. (15), Aman, I. (8), S\u00e1nchez Savi (2) -FI- Schaw (3), Alem (3), San Mart\u00edn (2), Debbito (0), Dilasio, S. (1). DT- Irineo Galli<\/strong><\/p>\n<p>Parciales: 27 \u2013 18; 48 \u2013 36; 68 \u2013 48 y 78 \u2013 63<\/p>\n","protected":false},"excerpt":{"rendered":"<p>Comenz\u00f3 el Torneo Apertura de Primera Divisi\u00f3n organizado por la Asociaci\u00f3n de B\u00e1squet de Olavarr\u00eda y en una nueva edici\u00f3n<\/p>\n","protected":false},"author":96739694,"featured_media":142781,"comment_status":"closed","ping_status":"closed","sticky":false,"template":"","format":"standard","meta":{"_jetpack_memberships_contains_paid_content":false,"footnotes":""},"categories":[31,1,43],"tags":[],"class_list":["post-135280","post","type-post","status-publish","format-standard","has-post-thumbnail","hentry","category-basquet","category-portada","category-primera"],"jetpack_featured_media_url":"https:\/\/i0.wp.com\/cdnoticias.com\/wp-content\/uploads\/2021\/07\/portadachuco.png?fit=800%2C445&ssl=1","jetpack_sharing_enabled":true,"_links":{"self":[{"href":"https:\/\/cdnoticias.com\/index.php\/wp-json\/wp\/v2\/posts\/135280","targetHints":{"allow":["GET"]}}],"collection":[{"href":"https:\/\/cdnoticias.com\/index.php\/wp-json\/wp\/v2\/posts"}],"about":[{"href":"https:\/\/cdnoticias.com\/index.php\/wp-json\/wp\/v2\/types\/post"}],"author":[{"embeddable":true,"href":"https:\/\/cdnoticias.com\/index.php\/wp-json\/wp\/v2\/users\/96739694"}],"replies":[{"embeddable":true,"href":"https:\/\/cdnoticias.com\/index.php\/wp-json\/wp\/v2\/comments?post=135280"}],"version-history":[{"count":0,"href":"https:\/\/cdnoticias.com\/index.php\/wp-json\/wp\/v2\/posts\/135280\/revisions"}],"wp:featuredmedia":[{"embeddable":true,"href":"https:\/\/cdnoticias.com\/index.php\/wp-json\/wp\/v2\/media\/142781"}],"wp:attachment":[{"href":"https:\/\/cdnoticias.com\/index.php\/wp-json\/wp\/v2\/media?parent=135280"}],"wp:term":[{"taxonomy":"category","embeddable":true,"href":"https:\/\/cdnoticias.com\/index.php\/wp-json\/wp\/v2\/categories?post=135280"},{"taxonomy":"post_tag","embeddable":true,"href":"https:\/\/cdnoticias.com\/index.php\/wp-json\/wp\/v2\/tags?post=135280"}],"curies":[{"name":"wp","href":"https:\/\/api.w.org\/{rel}","templated":true}]}}