{"id":135272,"date":"2021-07-14T21:26:44","date_gmt":"2021-07-15T00:26:44","guid":{"rendered":"http:\/\/centraldeportes.com.ar\/?p=2186"},"modified":"2025-01-27T21:50:42","modified_gmt":"2025-01-28T00:50:42","slug":"lucas-janson-fue-titular-y-velez-gano-en-el-partido-de-ida","status":"publish","type":"post","link":"https:\/\/cdnoticias.com\/index.php\/2021\/07\/14\/lucas-janson-fue-titular-y-velez-gano-en-el-partido-de-ida\/","title":{"rendered":"Lucas Janson fue titular y V\u00e9lez gan\u00f3 en el partido de ida"},"content":{"rendered":"<p>Comenzaron los 8vos de Final de la Copa Libertadores para V\u00e9lez que en su estadio derrot\u00f3 1 a 0 a Barcelona. Lucas Janson fue titular.<!--more--><\/p>\n<hr \/>\n<p>En el Jos\u00e9 Amalfitani, V\u00e9lez venci\u00f3 a Barcelona con un gol de Juan Mart\u00edn Lucero a los 7 minutos de iniciado el partido y viajar\u00e1 a Guayaquil con la ventaja de saber que hasta un empate lo clasifica a la siguiente instancia.<\/p>\n<p>&nbsp;<\/p>\n<p>Lucas Janson fue titular en el \u201cFort\u00edn\u201d y dej\u00f3 el campo de juego a los 83\u00b4 para que ingresara Cristian Tarragona.<\/p>\n<p>&nbsp;<\/p>\n<p>El partido de vuelta se jugar\u00e1 el pr\u00f3ximo mi\u00e9rcoles desde las 19:15 en Guayaquil.<\/p>\n<p>&nbsp;<\/p>\n<p>Foto: V\u00e9lez<\/p>\n","protected":false},"excerpt":{"rendered":"<p>Comenzaron los 8vos de Final de la Copa Libertadores para V\u00e9lez que en su estadio derrot\u00f3 1 a 0 a<\/p>\n","protected":false},"author":96739694,"featured_media":142797,"comment_status":"closed","ping_status":"closed","sticky":false,"template":"","format":"standard","meta":{"_jetpack_memberships_contains_paid_content":false,"footnotes":""},"categories":[35,37,1],"tags":[],"class_list":["post-135272","post","type-post","status-publish","format-standard","has-post-thumbnail","hentry","category-futbol","category-futbol-profesional","category-portada"],"jetpack_featured_media_url":"https:\/\/i0.wp.com\/cdnoticias.com\/wp-content\/uploads\/2021\/07\/WhatsApp-Image-2021-07-14-at-20.51.49.jpeg?fit=1280%2C853&ssl=1","jetpack_sharing_enabled":true,"_links":{"self":[{"href":"https:\/\/cdnoticias.com\/index.php\/wp-json\/wp\/v2\/posts\/135272","targetHints":{"allow":["GET"]}}],"collection":[{"href":"https:\/\/cdnoticias.com\/index.php\/wp-json\/wp\/v2\/posts"}],"about":[{"href":"https:\/\/cdnoticias.com\/index.php\/wp-json\/wp\/v2\/types\/post"}],"author":[{"embeddable":true,"href":"https:\/\/cdnoticias.com\/index.php\/wp-json\/wp\/v2\/users\/96739694"}],"replies":[{"embeddable":true,"href":"https:\/\/cdnoticias.com\/index.php\/wp-json\/wp\/v2\/comments?post=135272"}],"version-history":[{"count":0,"href":"https:\/\/cdnoticias.com\/index.php\/wp-json\/wp\/v2\/posts\/135272\/revisions"}],"wp:featuredmedia":[{"embeddable":true,"href":"https:\/\/cdnoticias.com\/index.php\/wp-json\/wp\/v2\/media\/142797"}],"wp:attachment":[{"href":"https:\/\/cdnoticias.com\/index.php\/wp-json\/wp\/v2\/media?parent=135272"}],"wp:term":[{"taxonomy":"category","embeddable":true,"href":"https:\/\/cdnoticias.com\/index.php\/wp-json\/wp\/v2\/categories?post=135272"},{"taxonomy":"post_tag","embeddable":true,"href":"https:\/\/cdnoticias.com\/index.php\/wp-json\/wp\/v2\/tags?post=135272"}],"curies":[{"name":"wp","href":"https:\/\/api.w.org\/{rel}","templated":true}]}}