{"id":135265,"date":"2021-07-13T17:16:55","date_gmt":"2021-07-13T20:16:55","guid":{"rendered":"http:\/\/centraldeportes.com.ar\/?p=2128"},"modified":"2025-01-27T20:57:05","modified_gmt":"2025-01-27T23:57:05","slug":"acop-las-impares-cerraron-la-tercera-ronda-del-calendario","status":"publish","type":"post","link":"https:\/\/cdnoticias.com\/index.php\/2021\/07\/13\/acop-las-impares-cerraron-la-tercera-ronda-del-calendario\/","title":{"rendered":"ACOP: Las Impares cerraron la tercera ronda del Calendario"},"content":{"rendered":"<p>Entre s\u00e1bado y domingo, cinco categor\u00edas Impares concretaron la Tercer Ronda del Circuito Local de la Asociaci\u00f3n Civil Olavarriense de P\u00e1del. La \u00fanica categor\u00eda que no pudo jugarse por falta de inscriptos fue Junior Quinta.<\/p>\n<p><!--more--><\/p>\n<hr \/>\n<p>Cinco cert\u00e1menes impares jugaron este fin de semana en una nueva fecha del Calendario Local de la ACOP. En relaci\u00f3n a resultados obtenidos durante esta Ronda, Caballeros Tercera coron\u00f3 a la pareja de Ricardo Filippin y Claudio Rogero, luego de superar en un parejo partido por 4\/6 6\/4 6\/4 a Cristian Lagrave y Bernardo Palacios. Anteriormente en semifinales, los campeones batieron a Jos\u00e9 Teruel y Ramiro Iborra por 6\/2 7\/5; mientras que los subcampeones se abr\u00edan paso ante Jordan Sosa y Emanuel Oliveri, por 6\/3 6\/4.<\/p>\n<p>&nbsp;<\/p>\n<p>El certamen de Damas Quinta fue para la dupla de Daniela Migliavaca y Marisol Becker, tras ganar su final ante Daniela Ahumada y \u00c1ngela Bais, por 6\/1 6\/4. En semifinales, las campeonas superaron a Lorena Trumpio y B\u00e1rbara V\u00e1zquez, por 6\/3 6\/3; mientras que del otro lado del cuadro, las subcampeonas batallaron ante F\u00e1tima Pozo y Rocio Aguirre, ganando por 6\/4 4\/6 6\/3.<\/p>\n<p>&nbsp;<\/p>\n<p><a href=\"https:\/\/i0.wp.com\/centraldeportes.com.ar\/wp-content\/uploads\/2021\/07\/WhatsApp-Image-2021-07-13-at-16.26.43.jpeg\"><img data-recalc-dims=\"1\" loading=\"lazy\" decoding=\"async\" class=\"aligncenter size-large wp-image-2129\" src=\"https:\/\/i0.wp.com\/centraldeportes.com.ar\/wp-content\/uploads\/2021\/07\/WhatsApp-Image-2021-07-13-at-16.26.43-1024x575.jpeg?resize=800%2C449\" alt=\"\" width=\"800\" height=\"449\" \/><\/a><\/p>\n<p>&nbsp;<\/p>\n<p>Sebasti\u00e1n C\u00f3rdoba y Dami\u00e1n Vidal alzaron sus manos en triunfo tras apoderarse del t\u00edtulo de Caballeros Quinta, luego de eliminar en la final a H\u00e9ctor Sosa y Emanuel Sosa por 7\/6 6\/3. Unas horas antes fueron las seminales, donde los triunfantes de la categor\u00eda vencieron a Juan Ram\u00f3n Trezza y Federico Aranz\u00e1bal; y los segundos de este fin de semana lograban su pase a la final tras derrotar a Alejandro Go\u00f1i y Gustavo Barrera por 6\/2 6\/4.<\/p>\n<p>&nbsp;<\/p>\n<p>El binomio compuesto por Romina Garc\u00eda y Martina Caballero se consagr\u00f3 con el certamen de Damas S\u00e9ptima, al derrotar en la final del torneo a Lorena Frascaroli y Lorena Santiago, por 6\/4 6\/2. En cuanto a las semifinales, las mismas quedaron de la siguiente manera: Garc\u00eda\/Caballero bajaron a Susana Cabrera y Elisa Gainza de la competencia por 6\/4 6\/2; y Frascaroli\/Santiago avanzaron ante Pamela Allen y Oriana Allen por 6\/4 6\/7 6\/0.<\/p>\n<p>&nbsp;<\/p>\n<p><a href=\"https:\/\/i0.wp.com\/centraldeportes.com.ar\/wp-content\/uploads\/2021\/07\/WhatsApp-Image-2021-07-13-at-16.26.44-1.jpeg\"><img data-recalc-dims=\"1\" loading=\"lazy\" decoding=\"async\" class=\"aligncenter size-large wp-image-2130\" src=\"https:\/\/i0.wp.com\/centraldeportes.com.ar\/wp-content\/uploads\/2021\/07\/WhatsApp-Image-2021-07-13-at-16.26.44-1-1024x576.jpeg?resize=800%2C450\" alt=\"\" width=\"800\" height=\"450\" \/><\/a><\/p>\n<p>&nbsp;<\/p>\n<p>Por \u00faltimo, Caballero S\u00e9ptima qued\u00f3 en manos del d\u00fao de Tom\u00e1s Nieves y Marcelo Aires, al vencer en la final a la dupla de Franco Monteiro y Gustavo Cepeda, por 6\/3 6\/0. Anteriormente en semifinales, los victoriosos de la categor\u00eda avanzaban a la final tras ganarle a la pareja de Juan Borghi y Tiago Su\u00e1rez, por 6\/4 6\/3; y Monteiro\/Cepeda revirtieron su resultado ante Mauricio Segura y Nicol\u00e1s Mediavilla, por 3\/6 6\/4 6\/2.<\/p>\n","protected":false},"excerpt":{"rendered":"<p>Entre s\u00e1bado y domingo, cinco categor\u00edas Impares concretaron la Tercer Ronda del Circuito Local de la Asociaci\u00f3n Civil Olavarriense de<\/p>\n","protected":false},"author":96739694,"featured_media":142637,"comment_status":"closed","ping_status":"closed","sticky":false,"template":"","format":"standard","meta":{"_jetpack_memberships_contains_paid_content":false,"footnotes":""},"categories":[30,1],"tags":[],"class_list":["post-135265","post","type-post","status-publish","format-standard","has-post-thumbnail","hentry","category-polideportivo","category-portada"],"jetpack_featured_media_url":"https:\/\/i0.wp.com\/cdnoticias.com\/wp-content\/uploads\/2021\/07\/Sin-t%C3%ADtulo-1-15.png?fit=800%2C445&ssl=1","jetpack_sharing_enabled":true,"_links":{"self":[{"href":"https:\/\/cdnoticias.com\/index.php\/wp-json\/wp\/v2\/posts\/135265","targetHints":{"allow":["GET"]}}],"collection":[{"href":"https:\/\/cdnoticias.com\/index.php\/wp-json\/wp\/v2\/posts"}],"about":[{"href":"https:\/\/cdnoticias.com\/index.php\/wp-json\/wp\/v2\/types\/post"}],"author":[{"embeddable":true,"href":"https:\/\/cdnoticias.com\/index.php\/wp-json\/wp\/v2\/users\/96739694"}],"replies":[{"embeddable":true,"href":"https:\/\/cdnoticias.com\/index.php\/wp-json\/wp\/v2\/comments?post=135265"}],"version-history":[{"count":0,"href":"https:\/\/cdnoticias.com\/index.php\/wp-json\/wp\/v2\/posts\/135265\/revisions"}],"wp:featuredmedia":[{"embeddable":true,"href":"https:\/\/cdnoticias.com\/index.php\/wp-json\/wp\/v2\/media\/142637"}],"wp:attachment":[{"href":"https:\/\/cdnoticias.com\/index.php\/wp-json\/wp\/v2\/media?parent=135265"}],"wp:term":[{"taxonomy":"category","embeddable":true,"href":"https:\/\/cdnoticias.com\/index.php\/wp-json\/wp\/v2\/categories?post=135265"},{"taxonomy":"post_tag","embeddable":true,"href":"https:\/\/cdnoticias.com\/index.php\/wp-json\/wp\/v2\/tags?post=135265"}],"curies":[{"name":"wp","href":"https:\/\/api.w.org\/{rel}","templated":true}]}}