{"id":135258,"date":"2021-07-11T22:51:46","date_gmt":"2021-07-12T01:51:46","guid":{"rendered":"http:\/\/centraldeportes.com.ar\/?p=2068"},"modified":"2025-01-27T20:57:58","modified_gmt":"2025-01-27T23:57:58","slug":"chapur-se-quedo-con-el-triunfo-weimann-llego-20o","status":"publish","type":"post","link":"https:\/\/cdnoticias.com\/index.php\/2021\/07\/11\/chapur-se-quedo-con-el-triunfo-weimann-llego-20o\/","title":{"rendered":"Chapur se qued\u00f3 con el triunfo, Weimann lleg\u00f3 20\u00ba"},"content":{"rendered":"<p>El TC Pista disput\u00f3 en Concordia una nueva final, y tuvo un flamante ganador, se trata de Facundo Chapur. El olavarriense Alejandro Weimann vio la bandera a cuadros en el vig\u00e9simo lugar.<!--more--><\/p>\n<hr \/>\n<p>En el aut\u00f3dromo entrerriano de Concordia se disput\u00f3 la s\u00e9ptima fecha del campeonato del TC Pista, y all\u00ed estuvo presente el piloto olavarriense Alejandro Weimann.<\/p>\n<p>Luego de clasificar en el puesto 21\u00ba, el olavarriense comenz\u00f3 una dura pelea en un pelot\u00f3n complicado que le impidi\u00f3 avanzar. Se mantuvo en pista y sin errores fue aprovechando las distintas circunstancias de carrera para arribar en el vig\u00e9simo lugar final.<\/p>\n<p>La victoria fue para Facundo Chapur, el ex piloto del Turismo Nacional prevaleci\u00f3 en la largada y le gan\u00f3 el duelo a Otto Fritzler, que lo escolt\u00f3 en el clasificador. Agust\u00edn De Brabandere complet\u00f3 el podio, seguido de Fedrico Iribarne, Juan Manuel Tomasello, Humberto Krujoski, Christian Ivan Ramos, Gustavo Micheloud, Lautaro De La Iglesia y Fernando Iglesias que completaron las principales posiciones.<\/p>\n<p>&nbsp;<\/p>\n<p>La octava fecha del TC Pista, ser\u00e1 el 1 de agosto, en el circuito de El Villicum, en San Juan.<\/p>\n","protected":false},"excerpt":{"rendered":"<p>El TC Pista disput\u00f3 en Concordia una nueva final, y tuvo un flamante ganador, se trata de Facundo Chapur. El<\/p>\n","protected":false},"author":96739694,"featured_media":142664,"comment_status":"closed","ping_status":"closed","sticky":false,"template":"","format":"standard","meta":{"_jetpack_memberships_contains_paid_content":false,"footnotes":""},"categories":[34,1,48],"tags":[],"class_list":["post-135258","post","type-post","status-publish","format-standard","has-post-thumbnail","hentry","category-automovilismo","category-portada","category-tc-pista"],"jetpack_featured_media_url":"https:\/\/i0.wp.com\/cdnoticias.com\/wp-content\/uploads\/2021\/07\/WhatsApp-Image-2021-07-11-at-22.21.07.jpeg?fit=960%2C626&ssl=1","jetpack_sharing_enabled":true,"_links":{"self":[{"href":"https:\/\/cdnoticias.com\/index.php\/wp-json\/wp\/v2\/posts\/135258","targetHints":{"allow":["GET"]}}],"collection":[{"href":"https:\/\/cdnoticias.com\/index.php\/wp-json\/wp\/v2\/posts"}],"about":[{"href":"https:\/\/cdnoticias.com\/index.php\/wp-json\/wp\/v2\/types\/post"}],"author":[{"embeddable":true,"href":"https:\/\/cdnoticias.com\/index.php\/wp-json\/wp\/v2\/users\/96739694"}],"replies":[{"embeddable":true,"href":"https:\/\/cdnoticias.com\/index.php\/wp-json\/wp\/v2\/comments?post=135258"}],"version-history":[{"count":0,"href":"https:\/\/cdnoticias.com\/index.php\/wp-json\/wp\/v2\/posts\/135258\/revisions"}],"wp:featuredmedia":[{"embeddable":true,"href":"https:\/\/cdnoticias.com\/index.php\/wp-json\/wp\/v2\/media\/142664"}],"wp:attachment":[{"href":"https:\/\/cdnoticias.com\/index.php\/wp-json\/wp\/v2\/media?parent=135258"}],"wp:term":[{"taxonomy":"category","embeddable":true,"href":"https:\/\/cdnoticias.com\/index.php\/wp-json\/wp\/v2\/categories?post=135258"},{"taxonomy":"post_tag","embeddable":true,"href":"https:\/\/cdnoticias.com\/index.php\/wp-json\/wp\/v2\/tags?post=135258"}],"curies":[{"name":"wp","href":"https:\/\/api.w.org\/{rel}","templated":true}]}}