{"id":135250,"date":"2021-07-11T00:25:56","date_gmt":"2021-07-11T03:25:56","guid":{"rendered":"http:\/\/centraldeportes.com.ar\/?p=1929"},"modified":"2025-01-27T20:58:20","modified_gmt":"2025-01-27T23:58:20","slug":"olavarria-festejo-la-obtencion-de-la-copa-america","status":"publish","type":"post","link":"https:\/\/cdnoticias.com\/index.php\/2021\/07\/11\/olavarria-festejo-la-obtencion-de-la-copa-america\/","title":{"rendered":"Olavarr\u00eda festej\u00f3 la obtenci\u00f3n de la Copa Am\u00e9rica"},"content":{"rendered":"<p>La Selecci\u00f3n Argentina venci\u00f3 1 a 0 a Brasil en la final de la Copa Am\u00e9rica, festej\u00f3 el t\u00edtulo tras 28 a\u00f1os y los olavarrienses festejaron en el centro.<\/p>\n<p><!--more--><\/p>\n<hr \/>\n<p>&nbsp;<\/p>\n<p>[soliloquy slug=&#8221;argentina-festejo-2&#8243;]<\/p>\n<p>&nbsp;<\/p>\n<p>Miles de olavarrienses salieron a festejar el campeonato de Am\u00e9rica que obtuvo la &#8220;albiceleste&#8221; en la noche del s\u00e1bado con gol de \u00c1ngel Di Mar\u00eda cuando transcurr\u00edan 22 minutos de iniciado el pleito.<\/p>\n<p>&nbsp;<\/p>\n<p>[soliloquy slug=&#8221;argentina-festejo&#8221;]<\/p>\n<p>&nbsp;<\/p>\n<p>Las canchas olavarrienses se ti\u00f1eron de celeste y blanco y festejaron hasta pasada la medianoche el t\u00edtulo n\u00famero <strong>15<\/strong> en la historia.<\/p>\n<p>&nbsp;<\/p>\n<p>&nbsp;<\/p>\n","protected":false},"excerpt":{"rendered":"<p>La Selecci\u00f3n Argentina venci\u00f3 1 a 0 a Brasil en la final de la Copa Am\u00e9rica, festej\u00f3 el t\u00edtulo tras<\/p>\n","protected":false},"author":96739694,"featured_media":142677,"comment_status":"closed","ping_status":"closed","sticky":false,"template":"","format":"standard","meta":{"_jetpack_memberships_contains_paid_content":false,"footnotes":""},"categories":[35,37,1],"tags":[],"class_list":["post-135250","post","type-post","status-publish","format-standard","has-post-thumbnail","hentry","category-futbol","category-futbol-profesional","category-portada"],"jetpack_featured_media_url":"https:\/\/i0.wp.com\/cdnoticias.com\/wp-content\/uploads\/2021\/07\/Sin-t%C3%ADtulo-1-13.png?fit=800%2C445&ssl=1","jetpack_sharing_enabled":true,"_links":{"self":[{"href":"https:\/\/cdnoticias.com\/index.php\/wp-json\/wp\/v2\/posts\/135250","targetHints":{"allow":["GET"]}}],"collection":[{"href":"https:\/\/cdnoticias.com\/index.php\/wp-json\/wp\/v2\/posts"}],"about":[{"href":"https:\/\/cdnoticias.com\/index.php\/wp-json\/wp\/v2\/types\/post"}],"author":[{"embeddable":true,"href":"https:\/\/cdnoticias.com\/index.php\/wp-json\/wp\/v2\/users\/96739694"}],"replies":[{"embeddable":true,"href":"https:\/\/cdnoticias.com\/index.php\/wp-json\/wp\/v2\/comments?post=135250"}],"version-history":[{"count":0,"href":"https:\/\/cdnoticias.com\/index.php\/wp-json\/wp\/v2\/posts\/135250\/revisions"}],"wp:featuredmedia":[{"embeddable":true,"href":"https:\/\/cdnoticias.com\/index.php\/wp-json\/wp\/v2\/media\/142677"}],"wp:attachment":[{"href":"https:\/\/cdnoticias.com\/index.php\/wp-json\/wp\/v2\/media?parent=135250"}],"wp:term":[{"taxonomy":"category","embeddable":true,"href":"https:\/\/cdnoticias.com\/index.php\/wp-json\/wp\/v2\/categories?post=135250"},{"taxonomy":"post_tag","embeddable":true,"href":"https:\/\/cdnoticias.com\/index.php\/wp-json\/wp\/v2\/tags?post=135250"}],"curies":[{"name":"wp","href":"https:\/\/api.w.org\/{rel}","templated":true}]}}