{"id":135241,"date":"2021-07-09T21:15:12","date_gmt":"2021-07-10T00:15:12","guid":{"rendered":"http:\/\/centraldeportes.com.ar\/?p=1872"},"modified":"2025-01-27T20:37:53","modified_gmt":"2025-01-27T23:37:53","slug":"el-torneo-oficial-inicio-con-la-5-fecha-y-fue-triunfo-para-embajadores","status":"publish","type":"post","link":"https:\/\/cdnoticias.com\/index.php\/2021\/07\/09\/el-torneo-oficial-inicio-con-la-5-fecha-y-fue-triunfo-para-embajadores\/","title":{"rendered":"El Torneo Oficial inici\u00f3 con la 5\u00b0 fecha y fue triunfo para Embajadores"},"content":{"rendered":"<p>Este viernes inici\u00f3 la 5\u00b0 fecha del Torneo Oficial organizado por la Liga de F\u00fatbol de Olavarr\u00eda y en el Domingo Colasurdo, fue triunfo 3 a 1 de Embajadores sobre Municipales.<!--more--><\/p>\n<hr \/>\n<p>Embajadores gan\u00f3 y es l\u00edder moment\u00e1neo del f\u00fatbol de Primera Divisi\u00f3n ya que con goles de Nahuel Moro a los 20\u00b4, Alejo Di Carlo a los 53\u00b4 y Juan \u00c1lvarez a los 58\u00b4, derrot\u00f3 a Municipales que hab\u00eda igualado las acciones a trav\u00e9s de Alan P\u00e9rez cuando transcurr\u00edan 52\u00b4 minutos.<\/p>\n<p>&nbsp;<\/p>\n<p>El cotejo de la tarde del viernes signific\u00f3 tambi\u00e9n la despedida del f\u00fatbol de la Liga de Carlos Arena, el \u201c10\u201d de Municipales que supo vestir las camisetas de Loma Negra, El Fort\u00edn, Hinojo, Racing, La Amistad, Ferro y Estudiantes.<\/p>\n<p>&nbsp;<\/p>\n<p><a href=\"https:\/\/i0.wp.com\/centraldeportes.com.ar\/wp-content\/uploads\/2021\/07\/municipales.png\"><img data-recalc-dims=\"1\" loading=\"lazy\" decoding=\"async\" class=\"aligncenter size-large wp-image-1867\" src=\"https:\/\/i0.wp.com\/centraldeportes.com.ar\/wp-content\/uploads\/2021\/07\/municipales-1024x682.png?resize=800%2C533\" alt=\"\" width=\"800\" height=\"533\" \/><\/a><\/p>\n<p>&nbsp;<\/p>\n<p>La actividad de la competencia regulada por la Liga de F\u00fatbol de Olavarr\u00eda continuar\u00e1 el s\u00e1bado con el cruce entre Sierra Chica y Estudiantes desde las 15:30 y finalizar\u00e1 el domingo con el cruce entre Ferro y El Fort\u00edn como cruce destacado desde las 17:00. Antes jugar\u00e1n Racing y San Mart\u00edn, Luj\u00e1n e Hinojo y Loma Negra y El Provincial.<\/p>\n","protected":false},"excerpt":{"rendered":"<p>Este viernes inici\u00f3 la 5\u00b0 fecha del Torneo Oficial organizado por la Liga de F\u00fatbol de Olavarr\u00eda y en el<\/p>\n","protected":false},"author":96739694,"featured_media":142701,"comment_status":"closed","ping_status":"closed","sticky":false,"template":"","format":"standard","meta":{"_jetpack_memberships_contains_paid_content":false,"footnotes":""},"categories":[35,1,41],"tags":[],"class_list":["post-135241","post","type-post","status-publish","format-standard","has-post-thumbnail","hentry","category-futbol","category-portada","category-primera-y-reserva"],"jetpack_featured_media_url":"https:\/\/i0.wp.com\/cdnoticias.com\/wp-content\/uploads\/2021\/07\/municipalesportada.png?fit=800%2C445&ssl=1","jetpack_sharing_enabled":true,"_links":{"self":[{"href":"https:\/\/cdnoticias.com\/index.php\/wp-json\/wp\/v2\/posts\/135241","targetHints":{"allow":["GET"]}}],"collection":[{"href":"https:\/\/cdnoticias.com\/index.php\/wp-json\/wp\/v2\/posts"}],"about":[{"href":"https:\/\/cdnoticias.com\/index.php\/wp-json\/wp\/v2\/types\/post"}],"author":[{"embeddable":true,"href":"https:\/\/cdnoticias.com\/index.php\/wp-json\/wp\/v2\/users\/96739694"}],"replies":[{"embeddable":true,"href":"https:\/\/cdnoticias.com\/index.php\/wp-json\/wp\/v2\/comments?post=135241"}],"version-history":[{"count":0,"href":"https:\/\/cdnoticias.com\/index.php\/wp-json\/wp\/v2\/posts\/135241\/revisions"}],"wp:featuredmedia":[{"embeddable":true,"href":"https:\/\/cdnoticias.com\/index.php\/wp-json\/wp\/v2\/media\/142701"}],"wp:attachment":[{"href":"https:\/\/cdnoticias.com\/index.php\/wp-json\/wp\/v2\/media?parent=135241"}],"wp:term":[{"taxonomy":"category","embeddable":true,"href":"https:\/\/cdnoticias.com\/index.php\/wp-json\/wp\/v2\/categories?post=135241"},{"taxonomy":"post_tag","embeddable":true,"href":"https:\/\/cdnoticias.com\/index.php\/wp-json\/wp\/v2\/tags?post=135241"}],"curies":[{"name":"wp","href":"https:\/\/api.w.org\/{rel}","templated":true}]}}