{"id":135239,"date":"2021-07-09T19:48:54","date_gmt":"2021-07-09T22:48:54","guid":{"rendered":"http:\/\/centraldeportes.com.ar\/?p=1862"},"modified":"2025-01-27T20:38:03","modified_gmt":"2025-01-27T23:38:03","slug":"estudiantes-el-fortin-y-racing-tuvieron-festejos","status":"publish","type":"post","link":"https:\/\/cdnoticias.com\/index.php\/2021\/07\/09\/estudiantes-el-fortin-y-racing-tuvieron-festejos\/","title":{"rendered":"Estudiantes, El Fort\u00edn y Racing tuvieron festejos"},"content":{"rendered":"<p>Comenz\u00f3 la definici\u00f3n del Torneo Preparaci\u00f3n organizado por la Liga de F\u00fatbol de Olavarr\u00eda y hubo festejos para Estudiantes, El Fort\u00edn y Racing. El primer torneo del a\u00f1o finalizar\u00e1 en el transcurso del s\u00e1bado.<\/p>\n<p><!--more--><\/p>\n<hr \/>\n<p>En el Parque Carlos Guerrero, este viernes, se jugaron tres encuentros decisivos en el marco del Torneo &#8220;Preparaci\u00f3n&#8221; de divisiones inferiores y en el encuentro que abri\u00f3 el d\u00eda fue victoria para Estudiantes por 2 a 1 frente a Loma Negra en D\u00e9cima Divisi\u00f3n.<\/p>\n<p>&nbsp;<\/p>\n<p><a href=\"https:\/\/i0.wp.com\/centraldeportes.com.ar\/wp-content\/uploads\/2021\/07\/1-12.png\"><img data-recalc-dims=\"1\" loading=\"lazy\" decoding=\"async\" class=\"aligncenter size-large wp-image-1863\" src=\"https:\/\/i0.wp.com\/centraldeportes.com.ar\/wp-content\/uploads\/2021\/07\/1-12-1024x682.png?resize=800%2C533\" alt=\"\" width=\"800\" height=\"533\" \/><\/a><\/p>\n<p>&nbsp;<\/p>\n<p>En Octava la victoria correspondi\u00f3 a El Fort\u00edn que se impuso 1 a 0 a Loma Negra y festej\u00f3 ganando todos los cotejos que disput\u00f3.<\/p>\n<p>&nbsp;<\/p>\n<p>Por \u00faltimo, en Sexta, Racing venci\u00f3 a Sierra Chica por 4 a 2 en la definici\u00f3n por penales despu\u00e9s de igualar 0 a 0.<\/p>\n<p>&nbsp;<\/p>\n<p><a href=\"https:\/\/i0.wp.com\/centraldeportes.com.ar\/wp-content\/uploads\/2021\/07\/2-9.png\"><img data-recalc-dims=\"1\" loading=\"lazy\" decoding=\"async\" class=\"aligncenter size-large wp-image-1864\" src=\"https:\/\/i0.wp.com\/centraldeportes.com.ar\/wp-content\/uploads\/2021\/07\/2-9-1024x682.png?resize=800%2C533\" alt=\"\" width=\"800\" height=\"533\" \/><\/a><\/p>\n<p>&nbsp;<\/p>\n<p>El certamen de inferiores finalizar\u00e1 el pr\u00f3ximo s\u00e1bado desde las 11:00 en el \u201cBuglione Martinese&#8221; de Racing con las definiciones de Novena (dirige Agustina Loos), S\u00e9ptima (Augusto Garc\u00eda ser\u00e1 el \u00e1rbitro) y Quinta (con Francisco Gonz\u00e1lez como \u00e1rbitro).<\/p>\n","protected":false},"excerpt":{"rendered":"<p>Comenz\u00f3 la definici\u00f3n del Torneo Preparaci\u00f3n organizado por la Liga de F\u00fatbol de Olavarr\u00eda y hubo festejos para Estudiantes, El<\/p>\n","protected":false},"author":96739694,"featured_media":0,"comment_status":"closed","ping_status":"closed","sticky":false,"template":"","format":"standard","meta":{"_jetpack_memberships_contains_paid_content":false,"footnotes":""},"categories":[35,40,1],"tags":[],"class_list":["post-135239","post","type-post","status-publish","format-standard","hentry","category-futbol","category-inferiores","category-portada"],"jetpack_featured_media_url":"","jetpack_sharing_enabled":true,"_links":{"self":[{"href":"https:\/\/cdnoticias.com\/index.php\/wp-json\/wp\/v2\/posts\/135239","targetHints":{"allow":["GET"]}}],"collection":[{"href":"https:\/\/cdnoticias.com\/index.php\/wp-json\/wp\/v2\/posts"}],"about":[{"href":"https:\/\/cdnoticias.com\/index.php\/wp-json\/wp\/v2\/types\/post"}],"author":[{"embeddable":true,"href":"https:\/\/cdnoticias.com\/index.php\/wp-json\/wp\/v2\/users\/96739694"}],"replies":[{"embeddable":true,"href":"https:\/\/cdnoticias.com\/index.php\/wp-json\/wp\/v2\/comments?post=135239"}],"version-history":[{"count":0,"href":"https:\/\/cdnoticias.com\/index.php\/wp-json\/wp\/v2\/posts\/135239\/revisions"}],"wp:attachment":[{"href":"https:\/\/cdnoticias.com\/index.php\/wp-json\/wp\/v2\/media?parent=135239"}],"wp:term":[{"taxonomy":"category","embeddable":true,"href":"https:\/\/cdnoticias.com\/index.php\/wp-json\/wp\/v2\/categories?post=135239"},{"taxonomy":"post_tag","embeddable":true,"href":"https:\/\/cdnoticias.com\/index.php\/wp-json\/wp\/v2\/tags?post=135239"}],"curies":[{"name":"wp","href":"https:\/\/api.w.org\/{rel}","templated":true}]}}