{"id":135238,"date":"2021-07-09T15:46:14","date_gmt":"2021-07-09T18:46:14","guid":{"rendered":"http:\/\/centraldeportes.com.ar\/?p=1859"},"modified":"2025-01-27T20:38:13","modified_gmt":"2025-01-27T23:38:13","slug":"el-fortin-recibio-a-ferro-en-un-nuevo-encuentro-de-escuelitas","status":"publish","type":"post","link":"https:\/\/cdnoticias.com\/index.php\/2021\/07\/09\/el-fortin-recibio-a-ferro-en-un-nuevo-encuentro-de-escuelitas\/","title":{"rendered":"El Fort\u00edn recibi\u00f3 a Ferro en un nuevo Encuentro de Escuelitas"},"content":{"rendered":"<p>Este viernes, se realiz\u00f3 otro Encuentro de Escuelitas, esta vez en la cancha auxiliar de El Fort\u00edn, y hubo partidos entre el local y Ferro.<\/p>\n<p><!--more--><\/p>\n<hr \/>\n<p>A pesar del clima, participaron m\u00e1s de medio centenar de chicos.<\/p>\n<p>&nbsp;<\/p>\n<p>[soliloquy slug=&#8221;escuelita-de-futbol-2&#8243;]<\/p>\n<p>&nbsp;<\/p>\n<p><strong>Las categor\u00edas que participaron fueron la 2014, 2015 y 2016.<\/strong><\/p>\n<p>&nbsp;<\/p>\n<p>[soliloquy slug=&#8221;escuelita-futbol&#8221;]<\/p>\n","protected":false},"excerpt":{"rendered":"<p>Este viernes, se realiz\u00f3 otro Encuentro de Escuelitas, esta vez en la cancha auxiliar de El Fort\u00edn, y hubo partidos<\/p>\n","protected":false},"author":96739694,"featured_media":142709,"comment_status":"closed","ping_status":"closed","sticky":false,"template":"","format":"standard","meta":{"_jetpack_memberships_contains_paid_content":false,"footnotes":""},"categories":[35,40,1],"tags":[],"class_list":["post-135238","post","type-post","status-publish","format-standard","has-post-thumbnail","hentry","category-futbol","category-inferiores","category-portada"],"jetpack_featured_media_url":"https:\/\/i0.wp.com\/cdnoticias.com\/wp-content\/uploads\/2021\/07\/Sin-t%C3%ADtulo-1-11.png?fit=800%2C445&ssl=1","jetpack_sharing_enabled":true,"_links":{"self":[{"href":"https:\/\/cdnoticias.com\/index.php\/wp-json\/wp\/v2\/posts\/135238","targetHints":{"allow":["GET"]}}],"collection":[{"href":"https:\/\/cdnoticias.com\/index.php\/wp-json\/wp\/v2\/posts"}],"about":[{"href":"https:\/\/cdnoticias.com\/index.php\/wp-json\/wp\/v2\/types\/post"}],"author":[{"embeddable":true,"href":"https:\/\/cdnoticias.com\/index.php\/wp-json\/wp\/v2\/users\/96739694"}],"replies":[{"embeddable":true,"href":"https:\/\/cdnoticias.com\/index.php\/wp-json\/wp\/v2\/comments?post=135238"}],"version-history":[{"count":0,"href":"https:\/\/cdnoticias.com\/index.php\/wp-json\/wp\/v2\/posts\/135238\/revisions"}],"wp:featuredmedia":[{"embeddable":true,"href":"https:\/\/cdnoticias.com\/index.php\/wp-json\/wp\/v2\/media\/142709"}],"wp:attachment":[{"href":"https:\/\/cdnoticias.com\/index.php\/wp-json\/wp\/v2\/media?parent=135238"}],"wp:term":[{"taxonomy":"category","embeddable":true,"href":"https:\/\/cdnoticias.com\/index.php\/wp-json\/wp\/v2\/categories?post=135238"},{"taxonomy":"post_tag","embeddable":true,"href":"https:\/\/cdnoticias.com\/index.php\/wp-json\/wp\/v2\/tags?post=135238"}],"curies":[{"name":"wp","href":"https:\/\/api.w.org\/{rel}","templated":true}]}}