{"id":135233,"date":"2021-07-08T22:18:43","date_gmt":"2021-07-09T01:18:43","guid":{"rendered":"http:\/\/centraldeportes.com.ar\/?p=1791"},"modified":"2025-01-27T20:38:18","modified_gmt":"2025-01-27T23:38:18","slug":"velez-con-janson-y-sarmiento-con-salvareschi-siguen-jugando-amistosos","status":"publish","type":"post","link":"https:\/\/cdnoticias.com\/index.php\/2021\/07\/08\/velez-con-janson-y-sarmiento-con-salvareschi-siguen-jugando-amistosos\/","title":{"rendered":"V\u00e9lez con Janson y Sarmiento con Salvareschi siguen jugando amistosos"},"content":{"rendered":"<p>El pasado mi\u00e9rcoles, los equipos de Primera Divisi\u00f3n que cuentan con jugadores de Olavarr\u00eda volvieron a enfrentarse amistosamente pensando en la reanudaci\u00f3n de la competencia. Lucas Janson y Braian Salvareschi jugaron en los equipos titulares.<!--more--><\/p>\n<hr \/>\n<p>V\u00e9lez recibi\u00f3 a Independiente en dos partidos preparatorios y en el encuentro entre titulares, donde estuvo Lucas Janson, fue derrota por 3 a 1. Dos goles de Silvio Romero y uno de Sebasti\u00e1n Palacios marcaron para el \u201cRojo\u201d y Federico Mancuello anot\u00f3 para los dirigidos por Mauricio Pellegrino.<\/p>\n<p>En el segundo partido fue triunfo para el \u201cFort\u00edn\u201d con un golazo de Luca Orellano a la espera del debut del pr\u00f3ximo mi\u00e9rcoles desde las 19:15 en los Octavos de Final de la Copa Libertadores.<\/p>\n<p>&nbsp;<\/p>\n<p><a href=\"https:\/\/i0.wp.com\/centraldeportes.com.ar\/wp-content\/uploads\/2021\/07\/07-07_vs_cai_9.jpg\"><img data-recalc-dims=\"1\" loading=\"lazy\" decoding=\"async\" class=\"aligncenter size-large wp-image-1794\" src=\"https:\/\/i0.wp.com\/centraldeportes.com.ar\/wp-content\/uploads\/2021\/07\/07-07_vs_cai_9-1024x682.jpg?resize=800%2C533\" alt=\"\" width=\"800\" height=\"533\" \/><\/a><\/p>\n<p>&nbsp;<\/p>\n<p>Por otro lado, en Casa Amarilla, Boca recibi\u00f3 a Sarmiento y fue triunfo 2 a 0 para el \u201cXeneize\u201d que encontr\u00f3 los goles a trav\u00e9s de Cristian Pav\u00f3n y Cristian Medina. En el partido de los suplentes fue empate 0 a 0.<\/p>\n<p>Braian Salvareschi fue parte del 11 titular del \u201cVerde\u201d juninese en su cuarto partido amistoso, pero no fue el \u00fanico en Capital Federal ya que este jueves, se enfrent\u00f3 con un equipo alternativo a Riestra y fue ca\u00edda 3 a 1.<\/p>\n<p>Fotos: Prensa Boca y presa V\u00e9lez<\/p>\n","protected":false},"excerpt":{"rendered":"<p>El pasado mi\u00e9rcoles, los equipos de Primera Divisi\u00f3n que cuentan con jugadores de Olavarr\u00eda volvieron a enfrentarse amistosamente pensando en<\/p>\n","protected":false},"author":96739694,"featured_media":142716,"comment_status":"closed","ping_status":"closed","sticky":false,"template":"","format":"standard","meta":{"_jetpack_memberships_contains_paid_content":false,"footnotes":""},"categories":[35,37,1],"tags":[],"class_list":["post-135233","post","type-post","status-publish","format-standard","has-post-thumbnail","hentry","category-futbol","category-futbol-profesional","category-portada"],"jetpack_featured_media_url":"https:\/\/i0.wp.com\/cdnoticias.com\/wp-content\/uploads\/2021\/07\/215292878_1848122285352699_1280949449810403925_n.jpg?fit=2048%2C1567&ssl=1","jetpack_sharing_enabled":true,"_links":{"self":[{"href":"https:\/\/cdnoticias.com\/index.php\/wp-json\/wp\/v2\/posts\/135233","targetHints":{"allow":["GET"]}}],"collection":[{"href":"https:\/\/cdnoticias.com\/index.php\/wp-json\/wp\/v2\/posts"}],"about":[{"href":"https:\/\/cdnoticias.com\/index.php\/wp-json\/wp\/v2\/types\/post"}],"author":[{"embeddable":true,"href":"https:\/\/cdnoticias.com\/index.php\/wp-json\/wp\/v2\/users\/96739694"}],"replies":[{"embeddable":true,"href":"https:\/\/cdnoticias.com\/index.php\/wp-json\/wp\/v2\/comments?post=135233"}],"version-history":[{"count":0,"href":"https:\/\/cdnoticias.com\/index.php\/wp-json\/wp\/v2\/posts\/135233\/revisions"}],"wp:featuredmedia":[{"embeddable":true,"href":"https:\/\/cdnoticias.com\/index.php\/wp-json\/wp\/v2\/media\/142716"}],"wp:attachment":[{"href":"https:\/\/cdnoticias.com\/index.php\/wp-json\/wp\/v2\/media?parent=135233"}],"wp:term":[{"taxonomy":"category","embeddable":true,"href":"https:\/\/cdnoticias.com\/index.php\/wp-json\/wp\/v2\/categories?post=135233"},{"taxonomy":"post_tag","embeddable":true,"href":"https:\/\/cdnoticias.com\/index.php\/wp-json\/wp\/v2\/tags?post=135233"}],"curies":[{"name":"wp","href":"https:\/\/api.w.org\/{rel}","templated":true}]}}