{"id":13523,"date":"2021-02-11T11:40:02","date_gmt":"2021-02-11T14:40:02","guid":{"rendered":"http:\/\/www.centraldenoticias.com.ar\/?p=13523"},"modified":"2021-02-11T11:40:02","modified_gmt":"2021-02-11T14:40:02","slug":"comunidad-central-vecinos-del-barrio-matadero-piden-controles-por-alta-velocidad","status":"publish","type":"post","link":"https:\/\/cdnoticias.com\/index.php\/2021\/02\/11\/comunidad-central-vecinos-del-barrio-matadero-piden-controles-por-alta-velocidad\/","title":{"rendered":"Comunidad Central: vecinos del barrio Matadero piden controles por alta velocidad"},"content":{"rendered":"<p>Se trata de la calle 130 del barrio, donde veh\u00edculos no s\u00f3lo ponen en riesgo a los ni\u00f1os y ni\u00f1as del barrio, sino que generan problemas por la tierra que se levanta: \u201cnos gustar\u00eda que rieguen seguido y controlen\u201d.<!--more--><\/p>\n<hr \/>\n<p>Vecinos del barrio Matadero se comunicaron con Central de Noticias v\u00eda su<strong> l\u00ednea de Whatsapp (2284269937)<\/strong> y <strong>denunciaron las complicaciones que generan veh\u00edculos que circulan a gran velocidad por la zona de Calle 130.<\/strong><\/p>\n<p>&nbsp;<\/p>\n<blockquote><p>\u201cEstamos cansados de la tierra que levantan los vecinos que circulan y no respetan nada\u201d indicaron en un principio, y agregaron: \u201chay muchos chicos que juegan en la calle\u201d.<\/p><\/blockquote>\n<p>&nbsp;<\/p>\n<p>Por esa raz\u00f3n <strong><em>\u201ctenemos miedo de que pasen por arriba a un chico en realidad\u201d.<\/em><\/strong><\/p>\n<p>&nbsp;<\/p>\n<p><strong>Los vecinos solicitaron a las autoridades no solo una periodicidad m\u00e1s frecuente en torno al regador,<\/strong> sino que <em>\u201ccontrolen a los vecinos porque puede ocurrir una tragedia y estamos avisando\u201d.<\/em><\/p>\n<p>&nbsp;<\/p>\n<blockquote><p>Si quer\u00e9s sumarte a la Comunidad Central pod\u00e9s comunicarte con nosotros v\u00eda redes sociales o al celular 2284-269937.<\/p><\/blockquote>\n","protected":false},"excerpt":{"rendered":"<p>Se trata de la calle 130 del barrio, donde veh\u00edculos no s\u00f3lo ponen en riesgo a los ni\u00f1os y ni\u00f1as<\/p>\n","protected":false},"author":2,"featured_media":13524,"comment_status":"closed","ping_status":"closed","sticky":false,"template":"","format":"standard","meta":{"_jetpack_memberships_contains_paid_content":false,"footnotes":""},"categories":[5,1],"tags":[],"class_list":["post-13523","post","type-post","status-publish","format-standard","has-post-thumbnail","hentry","category-informacion-general","category-portada"],"jetpack_featured_media_url":"https:\/\/i0.wp.com\/cdnoticias.com\/wp-content\/uploads\/2021\/02\/WhatsApp-Image-2021-02-10-at-11.33.12.jpeg?fit=1280%2C960&ssl=1","jetpack_sharing_enabled":true,"_links":{"self":[{"href":"https:\/\/cdnoticias.com\/index.php\/wp-json\/wp\/v2\/posts\/13523","targetHints":{"allow":["GET"]}}],"collection":[{"href":"https:\/\/cdnoticias.com\/index.php\/wp-json\/wp\/v2\/posts"}],"about":[{"href":"https:\/\/cdnoticias.com\/index.php\/wp-json\/wp\/v2\/types\/post"}],"author":[{"embeddable":true,"href":"https:\/\/cdnoticias.com\/index.php\/wp-json\/wp\/v2\/users\/2"}],"replies":[{"embeddable":true,"href":"https:\/\/cdnoticias.com\/index.php\/wp-json\/wp\/v2\/comments?post=13523"}],"version-history":[{"count":0,"href":"https:\/\/cdnoticias.com\/index.php\/wp-json\/wp\/v2\/posts\/13523\/revisions"}],"wp:featuredmedia":[{"embeddable":true,"href":"https:\/\/cdnoticias.com\/index.php\/wp-json\/wp\/v2\/media\/13524"}],"wp:attachment":[{"href":"https:\/\/cdnoticias.com\/index.php\/wp-json\/wp\/v2\/media?parent=13523"}],"wp:term":[{"taxonomy":"category","embeddable":true,"href":"https:\/\/cdnoticias.com\/index.php\/wp-json\/wp\/v2\/categories?post=13523"},{"taxonomy":"post_tag","embeddable":true,"href":"https:\/\/cdnoticias.com\/index.php\/wp-json\/wp\/v2\/tags?post=13523"}],"curies":[{"name":"wp","href":"https:\/\/api.w.org\/{rel}","templated":true}]}}