{"id":135228,"date":"2021-07-08T13:42:40","date_gmt":"2021-07-08T16:42:40","guid":{"rendered":"http:\/\/centraldeportes.com.ar\/?p=1762"},"modified":"2025-01-27T20:38:45","modified_gmt":"2025-01-27T23:38:45","slug":"vuelve-apss-el-tss-y-la-copa-gol-al-hermanos-emiliozzi","status":"publish","type":"post","link":"https:\/\/cdnoticias.com\/index.php\/2021\/07\/08\/vuelve-apss-el-tss-y-la-copa-gol-al-hermanos-emiliozzi\/","title":{"rendered":"Vuelve APSS, el TSS y la Copa Gol al \u201cHermanos Emiliozzi\u201d"},"content":{"rendered":"<p>Este fin de semana regresa el automovilismo zonal al aut\u00f3dromo del AMCO, con la presencia de la Monomarca 1100, la Promocional 1100, el Turismo Sport del Sudeste y la flamante Copa Gol VW. Desde el s\u00e1bado habr\u00e1 pruebas libres, mientras que el domingo se desarrollar\u00e1 toda la actividad principal.<!--more--><\/p>\n<hr \/>\n<p>El pasado mi\u00e9rcoles cerr\u00f3 la inscripci\u00f3n para las cuatro categor\u00edas que se presentar\u00e1n este fin de semana en el \u201cHermanos Emiliozzi\u201d, marcando el retorno de la actividad tras las restricciones dispuesta por el Gobierno Provincial por el Covid19. Mucho tuvo que ver la vuelta del <a href=\"http:\/\/centraldeportes.com.ar\/buenos-espectaculos-en-el-regreso-el-karting\/\">Karting<\/a>, ya que sus directivos trabajaron much\u00edsimo para poder regresar el \u00faltimo fin de semana pasado.<\/p>\n<p>De este modo, la Monomarca 1100 llega con 46 inscriptos y la Promocional con 27, para esta doble competencia que completar\u00e1 la tercera y cuarta fecha del campeonato, tras haber disputado la primera carrera en \u201cLa Bota\u201d y la segunda en Azul el \u00faltimo 21 de marzo.<\/p>\n<p>&nbsp;<\/p>\n<p><a href=\"https:\/\/i0.wp.com\/centraldeportes.com.ar\/wp-content\/uploads\/2021\/07\/WhatsApp-Image-2021-07-08-at-10.33.02.jpeg\"><img data-recalc-dims=\"1\" loading=\"lazy\" decoding=\"async\" class=\"aligncenter size-large wp-image-1764\" src=\"https:\/\/i0.wp.com\/centraldeportes.com.ar\/wp-content\/uploads\/2021\/07\/WhatsApp-Image-2021-07-08-at-10.33.02-1024x683.jpeg?resize=800%2C534\" alt=\"\" width=\"800\" height=\"534\" \/><\/a><\/p>\n<p>&nbsp;<\/p>\n<p>Por otro lado, el Turismo Sport del Sudeste cuenta con 12 anotados y la Copa Gol con 14 para esta segunda competencia del a\u00f1o. En la Copa Gol se destaca la presencia de Sebasti\u00e1n Cipr\u00e9s, el experimentado piloto que se destac\u00f3 en las categor\u00edas de la ACTC, en la incipiente TC Mouras y luego en el TC Pista.<\/p>\n<p>&nbsp;<\/p>\n<p>La actividad en pista tiene prevista pruebas libres para este s\u00e1bado desde las 13:30 y hasta las 17:00. Mientras que la actividad principal se desarrollar\u00e1 el domingo desde las 9:30 con el desarrollo de entrenamientos libres, clasificaci\u00f3n, y la primera final para la Promocional y la Monomarca. Luego se disputar\u00e1n las series del TSS y la Gol, y nuevamente las finales de la Monomarca, Promocional, TSS y Copa Gol para cerrar el espect\u00e1culo.<\/p>\n","protected":false},"excerpt":{"rendered":"<p>Este fin de semana regresa el automovilismo zonal al aut\u00f3dromo del AMCO, con la presencia de la Monomarca 1100, la<\/p>\n","protected":false},"author":96739694,"featured_media":0,"comment_status":"closed","ping_status":"closed","sticky":false,"template":"","format":"standard","meta":{"_jetpack_memberships_contains_paid_content":false,"footnotes":""},"categories":[51,34,52,1,53],"tags":[],"class_list":["post-135228","post","type-post","status-publish","format-standard","hentry","category-apps","category-automovilismo","category-vw-gol","category-portada","category-tss"],"jetpack_featured_media_url":"","jetpack_sharing_enabled":true,"_links":{"self":[{"href":"https:\/\/cdnoticias.com\/index.php\/wp-json\/wp\/v2\/posts\/135228","targetHints":{"allow":["GET"]}}],"collection":[{"href":"https:\/\/cdnoticias.com\/index.php\/wp-json\/wp\/v2\/posts"}],"about":[{"href":"https:\/\/cdnoticias.com\/index.php\/wp-json\/wp\/v2\/types\/post"}],"author":[{"embeddable":true,"href":"https:\/\/cdnoticias.com\/index.php\/wp-json\/wp\/v2\/users\/96739694"}],"replies":[{"embeddable":true,"href":"https:\/\/cdnoticias.com\/index.php\/wp-json\/wp\/v2\/comments?post=135228"}],"version-history":[{"count":0,"href":"https:\/\/cdnoticias.com\/index.php\/wp-json\/wp\/v2\/posts\/135228\/revisions"}],"wp:attachment":[{"href":"https:\/\/cdnoticias.com\/index.php\/wp-json\/wp\/v2\/media?parent=135228"}],"wp:term":[{"taxonomy":"category","embeddable":true,"href":"https:\/\/cdnoticias.com\/index.php\/wp-json\/wp\/v2\/categories?post=135228"},{"taxonomy":"post_tag","embeddable":true,"href":"https:\/\/cdnoticias.com\/index.php\/wp-json\/wp\/v2\/tags?post=135228"}],"curies":[{"name":"wp","href":"https:\/\/api.w.org\/{rel}","templated":true}]}}