{"id":135216,"date":"2021-07-06T13:34:29","date_gmt":"2021-07-06T16:34:29","guid":{"rendered":"http:\/\/centraldeportes.com.ar\/?p=1665"},"modified":"2025-01-27T19:50:58","modified_gmt":"2025-01-27T22:50:58","slug":"futbol-pequenos-encuentros-barriales","status":"publish","type":"post","link":"https:\/\/cdnoticias.com\/index.php\/2021\/07\/06\/futbol-pequenos-encuentros-barriales\/","title":{"rendered":"F\u00fatbol: peque\u00f1os encuentros barriales"},"content":{"rendered":"<p>El pasado fin de semana, profesores del staff de la Subsecretar\u00eda de Deportes y Recreaci\u00f3n del Municipio coordinaron peque\u00f1os encuentros barriales de f\u00fatbol.<\/p>\n<p><!--more--><\/p>\n<hr \/>\n<p><a href=\"https:\/\/i0.wp.com\/centraldeportes.com.ar\/wp-content\/uploads\/2021\/07\/Deportes-Encuentros-futbol-3.jpeg\"><img data-recalc-dims=\"1\" loading=\"lazy\" decoding=\"async\" class=\"aligncenter size-full wp-image-1667\" src=\"https:\/\/i0.wp.com\/centraldeportes.com.ar\/wp-content\/uploads\/2021\/07\/Deportes-Encuentros-futbol-3.jpeg?resize=800%2C613\" alt=\"\" width=\"800\" height=\"613\" \/><\/a><\/p>\n<p>&nbsp;<\/p>\n<p>El objetivo del \u00e1rea es llevar a cabo estos peque\u00f1os partidos, previendo la posibilidad de que en el mes de septiembre \u2013en caso de que el contexto epidemiol\u00f3gico lo permitiera \u2013 poder comenzar con la actividad sistem\u00e1tica que se desarrollaba previo a la Pandemia.<\/p>\n<p>&nbsp;<\/p>\n<p><a href=\"https:\/\/i0.wp.com\/centraldeportes.com.ar\/wp-content\/uploads\/2021\/07\/Deportes-Encuentros-futbol-1.jpeg\"><img data-recalc-dims=\"1\" loading=\"lazy\" decoding=\"async\" class=\"aligncenter size-full wp-image-1668\" src=\"https:\/\/i0.wp.com\/centraldeportes.com.ar\/wp-content\/uploads\/2021\/07\/Deportes-Encuentros-futbol-1.jpeg?resize=731%2C567\" alt=\"\" width=\"731\" height=\"567\" \/><\/a><\/p>\n<p>&nbsp;<\/p>\n<p>Es as\u00ed que durante s\u00e1bado y domingo se jugaron peque\u00f1os partidos en el Barrio Provincias Argentinas y en Parque Eva Per\u00f3n.<\/p>\n","protected":false},"excerpt":{"rendered":"<p>El pasado fin de semana, profesores del staff de la Subsecretar\u00eda de Deportes y Recreaci\u00f3n del Municipio coordinaron peque\u00f1os encuentros<\/p>\n","protected":false},"author":96739694,"featured_media":142338,"comment_status":"closed","ping_status":"closed","sticky":false,"template":"","format":"standard","meta":{"_jetpack_memberships_contains_paid_content":false,"footnotes":""},"categories":[46,35,1],"tags":[],"class_list":["post-135216","post","type-post","status-publish","format-standard","has-post-thumbnail","hentry","category-amateur","category-futbol","category-portada"],"jetpack_featured_media_url":"https:\/\/i0.wp.com\/cdnoticias.com\/wp-content\/uploads\/2021\/07\/Deportes-Encuentros-futbol-4.jpeg?fit=780%2C489&ssl=1","jetpack_sharing_enabled":true,"_links":{"self":[{"href":"https:\/\/cdnoticias.com\/index.php\/wp-json\/wp\/v2\/posts\/135216","targetHints":{"allow":["GET"]}}],"collection":[{"href":"https:\/\/cdnoticias.com\/index.php\/wp-json\/wp\/v2\/posts"}],"about":[{"href":"https:\/\/cdnoticias.com\/index.php\/wp-json\/wp\/v2\/types\/post"}],"author":[{"embeddable":true,"href":"https:\/\/cdnoticias.com\/index.php\/wp-json\/wp\/v2\/users\/96739694"}],"replies":[{"embeddable":true,"href":"https:\/\/cdnoticias.com\/index.php\/wp-json\/wp\/v2\/comments?post=135216"}],"version-history":[{"count":0,"href":"https:\/\/cdnoticias.com\/index.php\/wp-json\/wp\/v2\/posts\/135216\/revisions"}],"wp:featuredmedia":[{"embeddable":true,"href":"https:\/\/cdnoticias.com\/index.php\/wp-json\/wp\/v2\/media\/142338"}],"wp:attachment":[{"href":"https:\/\/cdnoticias.com\/index.php\/wp-json\/wp\/v2\/media?parent=135216"}],"wp:term":[{"taxonomy":"category","embeddable":true,"href":"https:\/\/cdnoticias.com\/index.php\/wp-json\/wp\/v2\/categories?post=135216"},{"taxonomy":"post_tag","embeddable":true,"href":"https:\/\/cdnoticias.com\/index.php\/wp-json\/wp\/v2\/tags?post=135216"}],"curies":[{"name":"wp","href":"https:\/\/api.w.org\/{rel}","templated":true}]}}