{"id":135212,"date":"2021-07-05T19:10:04","date_gmt":"2021-07-05T22:10:04","guid":{"rendered":"http:\/\/centraldeportes.com.ar\/?p=1651"},"modified":"2025-01-27T19:51:29","modified_gmt":"2025-01-27T22:51:29","slug":"manuel-yaben-finalizo-su-experiencia-en-el-torneo-federal","status":"publish","type":"post","link":"https:\/\/cdnoticias.com\/index.php\/2021\/07\/05\/manuel-yaben-finalizo-su-experiencia-en-el-torneo-federal\/","title":{"rendered":"Manuel Yaben finaliz\u00f3 su experiencia en el Torneo Federal"},"content":{"rendered":"<p>El jugador surgido en Racing que fue refuerzo del equipo de Liga de Desarrollo de Ol\u00edmpico, finaliz\u00f3 el pasado domingo su experiencia en la tercera categor\u00eda del b\u00e1squet nacional. Lleg\u00f3 a los Octavos de Final.<!--more--><\/p>\n<hr \/>\n<p>Manuel Yaben que confirm\u00f3 su presencia en Ol\u00edmpico en febrero del 2021, finaliz\u00f3 el pasado domingo su participaci\u00f3n en el bande\u00f1o que con dos derrotas y una victoria se despidi\u00f3 del Torneo Federal en la instancia de Octavos de Final.<\/p>\n<p>&nbsp;<\/p>\n<p>Lleg\u00f3 a su fin la temporada para Yaben que luego de clasificar entre los cuatro primeros lugares de la Regi\u00f3n Noroeste particip\u00f3 del Cuadrangular B llevado a cabo en Tucum\u00e1n desde el viernes hasta el domingo.<\/p>\n<p>&nbsp;<\/p>\n<p>En sus \u00faltimas presentaciones, Ol\u00edmpico cay\u00f3 ante Jachal B\u00e1squet Club por un re\u00f1ido 66 a 63. \u201cTuki\u201d fue el segundo goleador de su equipo con 15 puntos en 33:57 minutos en cancha. Adem\u00e1s, el jugador surgido en Racing tom\u00f3 7 rebotes y recuper\u00f3 2 pelotas.<\/p>\n<p>&nbsp;<\/p>\n<p><a href=\"https:\/\/i0.wp.com\/centraldeportes.com.ar\/wp-content\/uploads\/2021\/07\/WhatsApp-Image-2021-04-13-at-18.35.00-1.jpeg\"><img data-recalc-dims=\"1\" loading=\"lazy\" decoding=\"async\" class=\"aligncenter size-full wp-image-1656\" src=\"https:\/\/i0.wp.com\/centraldeportes.com.ar\/wp-content\/uploads\/2021\/07\/WhatsApp-Image-2021-04-13-at-18.35.00-1.jpeg?resize=800%2C800\" alt=\"\" width=\"800\" height=\"800\" \/><\/a><\/p>\n<p>&nbsp;<\/p>\n<p>Adem\u00e1s, el pasado s\u00e1bado volvi\u00f3 a perder ante Nicol\u00e1s Avellaneda -equipo con el que comparti\u00f3 Regi\u00f3n- por 89 a 65, all\u00ed el olavarriense jug\u00f3 13:48 minutos con 2 puntos y 6 rebotes.<\/p>\n<p>&nbsp;<\/p>\n<p>Ya en la despedida de la competencia, conoci\u00f3 la victoria ante La Rioja Basket por 83 a 78. El ex Chaira estuvo en cancha 32:30 minutos con 18 puntos, 8 rebotes y 2 recuperos.<\/p>\n<p>&nbsp;<\/p>\n<p>Buena temporada para el olavarriense que luego de un inicio sin tanto protagonismo se afianz\u00f3 como titular y finaliz\u00f3 siendo uno de los goleadores de su cotejo.<\/p>\n<p>&nbsp;<\/p>\n<p>Fotos: FotoDeportes Tucum\u00e1n<\/p>\n","protected":false},"excerpt":{"rendered":"<p>El jugador surgido en Racing que fue refuerzo del equipo de Liga de Desarrollo de Ol\u00edmpico, finaliz\u00f3 el pasado domingo<\/p>\n","protected":false},"author":96739694,"featured_media":142346,"comment_status":"closed","ping_status":"closed","sticky":false,"template":"","format":"standard","meta":{"_jetpack_memberships_contains_paid_content":false,"footnotes":""},"categories":[31,1],"tags":[],"class_list":["post-135212","post","type-post","status-publish","format-standard","has-post-thumbnail","hentry","category-basquet","category-portada"],"jetpack_featured_media_url":"https:\/\/i0.wp.com\/cdnoticias.com\/wp-content\/uploads\/2021\/07\/yaben.png?fit=800%2C445&ssl=1","jetpack_sharing_enabled":true,"_links":{"self":[{"href":"https:\/\/cdnoticias.com\/index.php\/wp-json\/wp\/v2\/posts\/135212","targetHints":{"allow":["GET"]}}],"collection":[{"href":"https:\/\/cdnoticias.com\/index.php\/wp-json\/wp\/v2\/posts"}],"about":[{"href":"https:\/\/cdnoticias.com\/index.php\/wp-json\/wp\/v2\/types\/post"}],"author":[{"embeddable":true,"href":"https:\/\/cdnoticias.com\/index.php\/wp-json\/wp\/v2\/users\/96739694"}],"replies":[{"embeddable":true,"href":"https:\/\/cdnoticias.com\/index.php\/wp-json\/wp\/v2\/comments?post=135212"}],"version-history":[{"count":0,"href":"https:\/\/cdnoticias.com\/index.php\/wp-json\/wp\/v2\/posts\/135212\/revisions"}],"wp:featuredmedia":[{"embeddable":true,"href":"https:\/\/cdnoticias.com\/index.php\/wp-json\/wp\/v2\/media\/142346"}],"wp:attachment":[{"href":"https:\/\/cdnoticias.com\/index.php\/wp-json\/wp\/v2\/media?parent=135212"}],"wp:term":[{"taxonomy":"category","embeddable":true,"href":"https:\/\/cdnoticias.com\/index.php\/wp-json\/wp\/v2\/categories?post=135212"},{"taxonomy":"post_tag","embeddable":true,"href":"https:\/\/cdnoticias.com\/index.php\/wp-json\/wp\/v2\/tags?post=135212"}],"curies":[{"name":"wp","href":"https:\/\/api.w.org\/{rel}","templated":true}]}}