{"id":135208,"date":"2021-07-04T21:00:53","date_gmt":"2021-07-05T00:00:53","guid":{"rendered":"http:\/\/centraldeportes.com.ar\/?p=1605"},"modified":"2025-01-27T19:51:56","modified_gmt":"2025-01-27T22:51:56","slug":"buenos-espectaculos-en-el-regreso-el-karting","status":"publish","type":"post","link":"https:\/\/cdnoticias.com\/index.php\/2021\/07\/04\/buenos-espectaculos-en-el-regreso-el-karting\/","title":{"rendered":"Buenos espect\u00e1culos en el regreso del Karting"},"content":{"rendered":"<p>Las siete divisionales de APPKO disputaron la cuarta fecha del campeonato en el Kart\u00f3dromo del Amco. Sim\u00f3n Marcos, Walter Moretti, Dami\u00e1n Walker, Axel Biscaichipy, Bruno Oliver y Juan Pedro Arano, en Junior y Cadetes, fueron los ganadores.<\/p>\n<p><!--more--><\/p>\n<hr \/>\n<p>El espect\u00e1culo del karting regres\u00f3 al kart\u00f3dromo del Amco, en una gran jornada, las categor\u00edas pudieron retomar el campeonato 2021 con el desarrollo de la cuarta fecha, con m\u00e1s de 160 karting y muy buenos espect\u00e1culos en pista.<\/p>\n<p>&nbsp;<\/p>\n<p>La primera final del d\u00eda lleg\u00f3 pasado el mediod\u00eda, tras el desarrollo de las series, y fue la Master 150, que tuvo a varios protagonistas liderando. Jonathan Elbich comenz\u00f3 dominando, pero se retras\u00f3 por un toque y el desenlace qued\u00f3 entre Nicol\u00e1s Cernuda y Sim\u00f3n Marcos, y fue este \u00faltimo quien en el final logr\u00f3 quedarse con la victoria. Cernuda arrib\u00f3 detr\u00e1s y Francisco Su\u00e1rez complet\u00f3 el podio. Pando, Ordozgoiti, Elbich, Torres, Collodoro, Pinelli y Griffes completaron las diez primeras colocaciones.<\/p>\n<p>&nbsp;<\/p>\n<p>Walter Moretti se qued\u00f3 con la victoria en los Cajeros 150. La competencia estuvo detenida por el vuelco de Pablo Arribas, y tras la reanudaci\u00f3n, Moretti mantuvo la punta con Guillermo Martin detr\u00e1s. El podio lo complet\u00f3 Sebasti\u00e1n Chapar, m\u00e1s atr\u00e1s arribaron Carugatti, Caracino, Astorgano, Villanueva, Esqu\u00e9sito, Castej\u00f3n y Vargas.<\/p>\n<p>&nbsp;<\/p>\n<p>[soliloquy slug=&#8221;karting-1&#8243;]<\/p>\n<p>&nbsp;<\/p>\n<p>Dami\u00e1n Walker se adue\u00f1\u00f3 del triunfo en forma contundente en Cajeros 125. El piloto de Mar del Plata se escap\u00f3 adelante y no dej\u00f3 chances a sus perseguidores. Cristian Lombardo y Nehuen Irureta compartieron el podio, mientras que Federico Roumec, Conni P\u00e9rez, Aroztegui, Moreno, Righetti, Mart\u00edn Roumec y Bilbao arribaron der\u00e1s.<br \/>\nDirectos RF la victoria fue para Axel Biscaichipy, el piloto de Olavarr\u00eda tuvo que batallar bastante, primero domin\u00f3 Marcos Barresi hasta que se retras\u00f3 por un inconveniente y comenz\u00f3 a dominar Francisco Ochoa. All\u00ed creci\u00f3 la figura de Biscaichipy, que lo super\u00f3 y pudo celebrar un triunfo muy importante. Ochoa arribo como escolta y Pedro Andolfatti detr\u00e1s. Micheletto, Gallardo, Bordacahar, Abbadie, Barresi, D\u00edaz y Di Fiore completaron los diez primeros lugares.<\/p>\n<p>&nbsp;<\/p>\n<p>En Escuela 110 nadie pudo con Bruno Oliver, el jovencito de Tres Arroyos logr\u00f3 la pole el s\u00e1bado, y gan\u00f3 la serie en la ma\u00f1ana del domingo. Franco S\u00e1nchez comenz\u00f3 dominando, pero una vez con Oliver adelante debi\u00f3 abandonar. El segundo lugar qued\u00f3 para Bautista Arano y la tercera posici\u00f3n fue para Facundo Arellano. Bisgarra, Robbiani, Fornes, Hammers, Di Marco, Delgado y Andolfatti arribaron entre los diez de punta.<\/p>\n<p>&nbsp;<\/p>\n<p>[soliloquy slug=&#8221;karting-2&#8243;]<\/p>\n<p>&nbsp;<\/p>\n<p>La categor\u00eda Junior comenz\u00f3 con el dominio de Luca Crudele, hasta que tuvo inconvenientes y Juan Pedro Arano salt\u00f3 a la punta, para llevarse el triunfo. La segunda posici\u00f3n qued\u00f3 para Valent\u00edn Frank y Oliva Muise complet\u00f3 el podio. Hern\u00e1ndez, Domina, Robbiani, Blasina, Fiel, Pen\u00e9 y Su\u00e1rez completaron los primeros puestos.<\/p>\n<p>&nbsp;<\/p>\n<p>Juan Pedro Arano, se baj\u00f3 de lo m\u00e1s alto del podio de la Junior para disputar la final de los Cadetes 150, y como si eso ya era poco, tambi\u00e9n se qued\u00f3 con el triunfo en esta categor\u00eda. Sin mayores inconvenientes y con contundencia festej\u00f3 un nuevo triunfo, Paulo Zandegiacomi y Francisco Camps compartieron el podio.<\/p>\n","protected":false},"excerpt":{"rendered":"<p>Las siete divisionales de APPKO disputaron la cuarta fecha del campeonato en el Kart\u00f3dromo del Amco. Sim\u00f3n Marcos, Walter Moretti,<\/p>\n","protected":false},"author":96739694,"featured_media":142357,"comment_status":"closed","ping_status":"closed","sticky":false,"template":"","format":"standard","meta":{"_jetpack_memberships_contains_paid_content":false,"footnotes":""},"categories":[33,34,1],"tags":[],"class_list":["post-135208","post","type-post","status-publish","format-standard","has-post-thumbnail","hentry","category-appko","category-automovilismo","category-portada"],"jetpack_featured_media_url":"https:\/\/i0.wp.com\/cdnoticias.com\/wp-content\/uploads\/2021\/07\/1-10.png?fit=800%2C445&ssl=1","jetpack_sharing_enabled":true,"_links":{"self":[{"href":"https:\/\/cdnoticias.com\/index.php\/wp-json\/wp\/v2\/posts\/135208","targetHints":{"allow":["GET"]}}],"collection":[{"href":"https:\/\/cdnoticias.com\/index.php\/wp-json\/wp\/v2\/posts"}],"about":[{"href":"https:\/\/cdnoticias.com\/index.php\/wp-json\/wp\/v2\/types\/post"}],"author":[{"embeddable":true,"href":"https:\/\/cdnoticias.com\/index.php\/wp-json\/wp\/v2\/users\/96739694"}],"replies":[{"embeddable":true,"href":"https:\/\/cdnoticias.com\/index.php\/wp-json\/wp\/v2\/comments?post=135208"}],"version-history":[{"count":0,"href":"https:\/\/cdnoticias.com\/index.php\/wp-json\/wp\/v2\/posts\/135208\/revisions"}],"wp:featuredmedia":[{"embeddable":true,"href":"https:\/\/cdnoticias.com\/index.php\/wp-json\/wp\/v2\/media\/142357"}],"wp:attachment":[{"href":"https:\/\/cdnoticias.com\/index.php\/wp-json\/wp\/v2\/media?parent=135208"}],"wp:term":[{"taxonomy":"category","embeddable":true,"href":"https:\/\/cdnoticias.com\/index.php\/wp-json\/wp\/v2\/categories?post=135208"},{"taxonomy":"post_tag","embeddable":true,"href":"https:\/\/cdnoticias.com\/index.php\/wp-json\/wp\/v2\/tags?post=135208"}],"curies":[{"name":"wp","href":"https:\/\/api.w.org\/{rel}","templated":true}]}}