{"id":135198,"date":"2021-07-03T00:06:31","date_gmt":"2021-07-03T03:06:31","guid":{"rendered":"http:\/\/centraldeportes.com.ar\/?p=1447"},"modified":"2025-01-27T19:52:37","modified_gmt":"2025-01-27T22:52:37","slug":"la-primera-semifinal-del-torneo-de-verano-fue-para-racing","status":"publish","type":"post","link":"https:\/\/cdnoticias.com\/index.php\/2021\/07\/03\/la-primera-semifinal-del-torneo-de-verano-fue-para-racing\/","title":{"rendered":"La primera Semifinal del Torneo de Verano fue para Racing"},"content":{"rendered":"<p>En el Maxigimnasio del Parque Guerrero comenz\u00f3 la definici\u00f3n del Torneo de Verano y la primera semifinal fue triunfo para Racing 61 a 32 sobre Estudiantes.<\/p>\n<p><!--more--><\/p>\n<hr \/>\n<p>Racing derrot\u00f3 a su cl\u00e1sico rival en la noche del viernes y logr\u00f3 la clasificaci\u00f3n a la definici\u00f3n del certamen estival a pesar de no haber jugado un buen nivel de b\u00e1squet.<\/p>\n<p>&nbsp;<\/p>\n<p>Durante los primeros 20 minutos del partido se not\u00f3 la larga inactividad, los deportistas marraron muchos tiros y el goleo escase\u00f3, pero en la segunda mitad el \u201cchaira\u201d reaccion\u00f3 y comenz\u00f3 a defender intensamente para generar p\u00e9rdidas en su rival y aprovechar los contragolpes para alejarse demasiado en el tercer periodo.<\/p>\n<p>&nbsp;<\/p>\n<p>El cuarto final no vari\u00f3, Estudiantes no logr\u00f3 convertir y el pleito finaliz\u00f3 mucho antes del final reglamentario.<\/p>\n<p>&nbsp;<\/p>\n<p>[soliloquy slug=&#8221;racing-estudiantes-torneo-de-verano&#8221;]<\/p>\n<p>&nbsp;<\/p>\n<p>S\u00edntesis Racing \u2013 Estudiantes:<\/p>\n<p>Estadio: Maxigimnasio<\/p>\n<p>\u00c1rbitros: Verbag, D., Maiola, E. y Rigo, J.<\/p>\n<p><strong>Racing (61): Dupin (10), Macrini (8), D\u00b4Alessio (13), Fern\u00e1ndez (7), V\u00e1zquez (0) -FI- Ferreyra (2), Nolasco (4), Santana (2), Ciufatelli (2), Leal (2), Weisbeck (6), Mondini (5). DT- Mat\u00edas Orlando<\/strong><\/p>\n<p><strong>Estudiantes (32): S\u00e1nchez Savi, A. (4), Calder\u00f3n (0), Piccinell (4), Borzi (2), San Mart\u00edn (7) -FI- S\u00e1nchez Savi, P. (1), Debitto (0), Alem (4), Arenal (0), Sim\u00f3n (2), Aman (3), Dilascio (5). DT- Irineo Galli<\/strong><\/p>\n<p>Parciales: 13 \u2013 10; 25 \u2013 19; 43 \u2013 26 y 61 \u2013 32.<\/p>\n","protected":false},"excerpt":{"rendered":"<p>En el Maxigimnasio del Parque Guerrero comenz\u00f3 la definici\u00f3n del Torneo de Verano y la primera semifinal fue triunfo para<\/p>\n","protected":false},"author":96739694,"featured_media":142381,"comment_status":"closed","ping_status":"closed","sticky":false,"template":"","format":"standard","meta":{"_jetpack_memberships_contains_paid_content":false,"footnotes":""},"categories":[31,1,43],"tags":[],"class_list":["post-135198","post","type-post","status-publish","format-standard","has-post-thumbnail","hentry","category-basquet","category-portada","category-primera"],"jetpack_featured_media_url":"https:\/\/i0.wp.com\/cdnoticias.com\/wp-content\/uploads\/2021\/07\/portada-15-1.png?fit=800%2C445&ssl=1","jetpack_sharing_enabled":true,"_links":{"self":[{"href":"https:\/\/cdnoticias.com\/index.php\/wp-json\/wp\/v2\/posts\/135198","targetHints":{"allow":["GET"]}}],"collection":[{"href":"https:\/\/cdnoticias.com\/index.php\/wp-json\/wp\/v2\/posts"}],"about":[{"href":"https:\/\/cdnoticias.com\/index.php\/wp-json\/wp\/v2\/types\/post"}],"author":[{"embeddable":true,"href":"https:\/\/cdnoticias.com\/index.php\/wp-json\/wp\/v2\/users\/96739694"}],"replies":[{"embeddable":true,"href":"https:\/\/cdnoticias.com\/index.php\/wp-json\/wp\/v2\/comments?post=135198"}],"version-history":[{"count":0,"href":"https:\/\/cdnoticias.com\/index.php\/wp-json\/wp\/v2\/posts\/135198\/revisions"}],"wp:featuredmedia":[{"embeddable":true,"href":"https:\/\/cdnoticias.com\/index.php\/wp-json\/wp\/v2\/media\/142381"}],"wp:attachment":[{"href":"https:\/\/cdnoticias.com\/index.php\/wp-json\/wp\/v2\/media?parent=135198"}],"wp:term":[{"taxonomy":"category","embeddable":true,"href":"https:\/\/cdnoticias.com\/index.php\/wp-json\/wp\/v2\/categories?post=135198"},{"taxonomy":"post_tag","embeddable":true,"href":"https:\/\/cdnoticias.com\/index.php\/wp-json\/wp\/v2\/tags?post=135198"}],"curies":[{"name":"wp","href":"https:\/\/api.w.org\/{rel}","templated":true}]}}