{"id":135194,"date":"2021-07-02T09:51:45","date_gmt":"2021-07-02T12:51:45","guid":{"rendered":"http:\/\/centraldeportes.com.ar\/?p=1423"},"modified":"2025-01-27T19:52:56","modified_gmt":"2025-01-27T22:52:56","slug":"el-karting-corre-con-publico-en-el-amco","status":"publish","type":"post","link":"https:\/\/cdnoticias.com\/index.php\/2021\/07\/02\/el-karting-corre-con-publico-en-el-amco\/","title":{"rendered":"La COPAM rechaz\u00f3 la opci\u00f3n de tener p\u00fablico en el aut\u00f3dromo"},"content":{"rendered":"<p>Si bien esta ma\u00f1ana se conoci\u00f3 la autorizaci\u00f3n para que el p\u00fablico asista a la competencia de Karting de este fin de semana, la COPAM se comunic\u00f3 con los directivos del Amco para informarles que por disposici\u00f3n del Gobierno Provincial no pueden asistir espectadores.<\/p>\n<p><!--more--><\/p>\n<hr \/>\n<p>En la ma\u00f1ana de este viernes la categor\u00eda confirm\u00f3 que la cuarta fecha del campeonato de las siete divisionales de la Asociaci\u00f3n de Pilotos y Propietarios de Karting de Olavarr\u00eda podr\u00eda contar con p\u00fablico, pero un par horas m\u00e1s tarde recibieron un llamado de la\u00a0Comisi\u00f3n Provincial de Automovilismo y Motociclismo Deportivo que aseguraba que el Gobierno Provincial no autorizaba la presencia de p\u00fablico en eventos deportivos.<\/p>\n<blockquote><p><strong>Lamentablemente, mediante un llamado de COPAM fuimos informados que no est\u00e1 habilitado el ingreso de p\u00fablico desde el Gobierno Provincial. Con lo cual agradecemos la predisposici\u00f3n municipal, pero debemos acatar dicha normativa. Pedimos al publico sepa entender y no comprometa al Club con sanciones que lleven a la inhabilitaci\u00f3n&#8221;.<\/strong><\/p><\/blockquote>\n","protected":false},"excerpt":{"rendered":"<p>Si bien esta ma\u00f1ana se conoci\u00f3 la autorizaci\u00f3n para que el p\u00fablico asista a la competencia de Karting de este<\/p>\n","protected":false},"author":96739694,"featured_media":0,"comment_status":"closed","ping_status":"closed","sticky":false,"template":"","format":"standard","meta":{"_jetpack_memberships_contains_paid_content":false,"footnotes":""},"categories":[33,34,1],"tags":[],"class_list":["post-135194","post","type-post","status-publish","format-standard","hentry","category-appko","category-automovilismo","category-portada"],"jetpack_featured_media_url":"","jetpack_sharing_enabled":true,"_links":{"self":[{"href":"https:\/\/cdnoticias.com\/index.php\/wp-json\/wp\/v2\/posts\/135194","targetHints":{"allow":["GET"]}}],"collection":[{"href":"https:\/\/cdnoticias.com\/index.php\/wp-json\/wp\/v2\/posts"}],"about":[{"href":"https:\/\/cdnoticias.com\/index.php\/wp-json\/wp\/v2\/types\/post"}],"author":[{"embeddable":true,"href":"https:\/\/cdnoticias.com\/index.php\/wp-json\/wp\/v2\/users\/96739694"}],"replies":[{"embeddable":true,"href":"https:\/\/cdnoticias.com\/index.php\/wp-json\/wp\/v2\/comments?post=135194"}],"version-history":[{"count":0,"href":"https:\/\/cdnoticias.com\/index.php\/wp-json\/wp\/v2\/posts\/135194\/revisions"}],"wp:attachment":[{"href":"https:\/\/cdnoticias.com\/index.php\/wp-json\/wp\/v2\/media?parent=135194"}],"wp:term":[{"taxonomy":"category","embeddable":true,"href":"https:\/\/cdnoticias.com\/index.php\/wp-json\/wp\/v2\/categories?post=135194"},{"taxonomy":"post_tag","embeddable":true,"href":"https:\/\/cdnoticias.com\/index.php\/wp-json\/wp\/v2\/tags?post=135194"}],"curies":[{"name":"wp","href":"https:\/\/api.w.org\/{rel}","templated":true}]}}