{"id":135191,"date":"2021-07-01T18:16:31","date_gmt":"2021-07-01T21:16:31","guid":{"rendered":"http:\/\/centraldeportes.com.ar\/?p=1412"},"modified":"2025-01-27T19:53:04","modified_gmt":"2025-01-27T22:53:04","slug":"nuevas-obras-para-la-pista-de-atletismo","status":"publish","type":"post","link":"https:\/\/cdnoticias.com\/index.php\/2021\/07\/01\/nuevas-obras-para-la-pista-de-atletismo\/","title":{"rendered":"Nuevas obras para la pista de atletismo"},"content":{"rendered":"<p>La gesti\u00f3n municipal proyecta una nueva etapa de obras en la Pista de Atletismo -que se emplaza en Parque Avellaneda- para brindar mejores condiciones de infraestructura para la pr\u00e1ctica de las diferentes disciplinas deportivas.<\/p>\n<p><!--more--><\/p>\n<hr \/>\n<p>En la ma\u00f1ana de este mi\u00e9rcoles, en el Palacio San Mart\u00edn, se llev\u00f3 a cabo la apertura de la licitaci\u00f3n para la construcci\u00f3n de gradas, dep\u00f3sito y ba\u00f1os de damas, caballeros y personas con discapacidad.<\/p>\n<p>&nbsp;<\/p>\n<p>El acto fue encabezado por el secretario de Mantenimiento y Obras P\u00fablicas Julio Ferraro, la directora de Licitaciones Pilar Ciardelli y los representes de las empresas oferentes.<\/p>\n<p>&nbsp;<\/p>\n<p>Se presentaron tres propuestas econ\u00f3micas, que se detallan a continuaci\u00f3n: ALLD Ingenier\u00eda Olavarr\u00eda S.R.L cotiz\u00f3 la suma de $8.385.721,28; Vigas y Bloques S.R.L $8.285.721,20 y Jos\u00e9 Carlos Balzi $8.450.880.<\/p>\n<p>&nbsp;<\/p>\n<p>La pista de atletismo \u2013que fue inaugurada en el mes de diciembre del 2020- se emplaza en un lugar estrat\u00e9gico de la planta urbana ciudad, delimitado por las avenidas Avellaneda, Pellegrini y las calles Santa Cruz y Rend\u00f3n.<\/p>\n<p>&nbsp;<\/p>\n<p>La pista tiene 8 carriles individuales de 1,22 metros y una longitud de 400 metros. \u00a0Los carriles 1 y 2 se utilizan para pasadas cortas y largas, mientras que el 3 y 4 para velocidad corta y larga, mientras que los andariveles 5 y 6 est\u00e1n reservados para t\u00e9cnica de vallas y 7 y 8 son exclusivos para caminantes y aerobistas (trote).<\/p>\n<p>&nbsp;<\/p>\n<p>Tanto la construcci\u00f3n de la pista de atletismo en s\u00ed como la de sanitarios, gradas y dep\u00f3sito, se encuentra incluida en las tres etapas de obra que se proyectan en el predio de Parque Avellaneda, para sentar las bases de lo que ser\u00e1 el futuro Centro Deportivo Municipal, pensado como un espacio que permitir\u00e1 concentrar distintas disciplinas deportivas (f\u00fatbol, b\u00e1squet, v\u00f3ley, handball) y oficinas administrativas.<\/p>\n<p>&nbsp;<\/p>\n<p>Adem\u00e1s de las obras de infraestructura, cabe recordar que d\u00edas atr\u00e1s se realiz\u00f3 la entrega de material deportivo para uso de los atletas, que se suman a las pol\u00edticas de apoyo al deporte local.<\/p>\n","protected":false},"excerpt":{"rendered":"<p>La gesti\u00f3n municipal proyecta una nueva etapa de obras en la Pista de Atletismo -que se emplaza en Parque Avellaneda-<\/p>\n","protected":false},"author":96739694,"featured_media":142395,"comment_status":"closed","ping_status":"closed","sticky":false,"template":"","format":"standard","meta":{"_jetpack_memberships_contains_paid_content":false,"footnotes":""},"categories":[38,1],"tags":[],"class_list":["post-135191","post","type-post","status-publish","format-standard","has-post-thumbnail","hentry","category-pedestrismo","category-portada"],"jetpack_featured_media_url":"https:\/\/i0.wp.com\/cdnoticias.com\/wp-content\/uploads\/2021\/07\/Licitaciones-Banos-Pista-Atletismo-1024x685.jpg?fit=1024%2C685&ssl=1","jetpack_sharing_enabled":true,"_links":{"self":[{"href":"https:\/\/cdnoticias.com\/index.php\/wp-json\/wp\/v2\/posts\/135191","targetHints":{"allow":["GET"]}}],"collection":[{"href":"https:\/\/cdnoticias.com\/index.php\/wp-json\/wp\/v2\/posts"}],"about":[{"href":"https:\/\/cdnoticias.com\/index.php\/wp-json\/wp\/v2\/types\/post"}],"author":[{"embeddable":true,"href":"https:\/\/cdnoticias.com\/index.php\/wp-json\/wp\/v2\/users\/96739694"}],"replies":[{"embeddable":true,"href":"https:\/\/cdnoticias.com\/index.php\/wp-json\/wp\/v2\/comments?post=135191"}],"version-history":[{"count":0,"href":"https:\/\/cdnoticias.com\/index.php\/wp-json\/wp\/v2\/posts\/135191\/revisions"}],"wp:featuredmedia":[{"embeddable":true,"href":"https:\/\/cdnoticias.com\/index.php\/wp-json\/wp\/v2\/media\/142395"}],"wp:attachment":[{"href":"https:\/\/cdnoticias.com\/index.php\/wp-json\/wp\/v2\/media?parent=135191"}],"wp:term":[{"taxonomy":"category","embeddable":true,"href":"https:\/\/cdnoticias.com\/index.php\/wp-json\/wp\/v2\/categories?post=135191"},{"taxonomy":"post_tag","embeddable":true,"href":"https:\/\/cdnoticias.com\/index.php\/wp-json\/wp\/v2\/tags?post=135191"}],"curies":[{"name":"wp","href":"https:\/\/api.w.org\/{rel}","templated":true}]}}