{"id":135189,"date":"2021-07-01T11:25:19","date_gmt":"2021-07-01T14:25:19","guid":{"rendered":"http:\/\/centraldeportes.com.ar\/?p=1402"},"modified":"2021-07-01T11:25:19","modified_gmt":"2021-07-01T14:25:19","slug":"aprevide-autorizo-y-el-futbol-local-regresa-el-domingo-2","status":"publish","type":"post","link":"https:\/\/cdnoticias.com\/index.php\/2021\/07\/01\/aprevide-autorizo-y-el-futbol-local-regresa-el-domingo-2\/","title":{"rendered":"Aprevide autoriz\u00f3 y el f\u00fatbol local regresa el domingo"},"content":{"rendered":"<p>Luego de la visita de Sergio Berni a la Ciudad, la Agencia de Prevenci\u00f3n de Violencia en el Deporte autoriz\u00f3 a la polic\u00eda a brindar servicios en las canchas por lo que se confirm\u00f3 que el pr\u00f3ximo domingo continuar\u00e1 el Torneo Oficial.<!--more--><\/p>\n<hr \/>\n<p>Si bien estaba todo programado por la Liga de F\u00fatbol de Olavarr\u00eda para el reinicio de la competencia, faltaba la autorizaci\u00f3n de la Aprevide que lleg\u00f3 horas despu\u00e9s de la <a href=\"https:\/\/www.centraldenoticias.com.ar\/index.php\/2021\/06\/30\/la-justicia-por-mano-propia-no-tiene-que-ver-con-cuestiones-policiales-sino-de-educacion\/\">visita del Ministro<\/a> de Seguridad Bonaerense.<\/p>\n<p>&nbsp;<\/p>\n<p>\u201c<em>La \u00a0situaci\u00f3n de pandemia es particular, Olavarr\u00eda es Fase 4 pero es una foto, hoy estamos muy bien y ma\u00f1ana podemos no estar tan bien por lo que las decisiones tienen que ser producto del consenso no solo del Aprevide sino de todos los que tengan que ver en este marco, incluido el <a href=\"https:\/\/www.centraldenoticias.com.ar\/index.php\/2021\/06\/30\/breve-encuentro-sergio-berni-se-reunio-con-el-intendente-ezequiel-galli\/\">Intendente<\/a><\/em>\u201d, hab\u00eda dicho Sergio Berni en su arribo a la Ciudad sobre el retorno a las canchas y un par de horas m\u00e1s tardes se notific\u00f3 el permiso a la Polic\u00eda Bonaerense de prestar sus servicios aunque no fue dado a cnocer el n\u00famero de espectadores que podr\u00e1n decir presente.<\/p>\n<p>&nbsp;<\/p>\n<p>Con la habilitaci\u00f3n pertinente, las autoridades de la Liga de F\u00fatbol programaron la actividad que se llevar\u00e1 a cabo el domingo pr\u00f3ximo (a excepci\u00f3n de Hinojo vs Ferro que ser\u00e1 reprogramado por casos de coronavirus).<\/p>\n<p>&nbsp;<\/p>\n<p>La cuarta fecha del Torneo Oficial comenzar\u00e1 desde las 11:00 con el partido entre El Provincial y Racing, continuar\u00e1 con uno de los partidos televisados entre El Fort\u00edn vs Embajadores desde las 14:00 y luego jugar\u00e1n Municipales vs Sierra Chica (15:00) y Luj\u00e1n vs San Mart\u00edn (15:30). Por \u00faltimo, Estudiantes y Loma Negra cruzar\u00e1n desde las 17:15.<\/p>\n<p>Adem\u00e1s tambi\u00e9n significar\u00e1 el regreso de la divisional Reserva.<\/p>\n<p>&nbsp;<\/p>\n","protected":false},"excerpt":{"rendered":"<p>Luego de la visita de Sergio Berni a la Ciudad, la Agencia de Prevenci\u00f3n de Violencia en el Deporte autoriz\u00f3<\/p>\n","protected":false},"author":96739695,"featured_media":1403,"comment_status":"closed","ping_status":"closed","sticky":false,"template":"","format":"standard","meta":{"_jetpack_memberships_contains_paid_content":false,"footnotes":""},"categories":[35,1,41],"tags":[],"class_list":["post-135189","post","type-post","status-publish","format-standard","has-post-thumbnail","hentry","category-futbol","category-portada","category-primera-y-reserva"],"jetpack_featured_media_url":"","jetpack_sharing_enabled":true,"_links":{"self":[{"href":"https:\/\/cdnoticias.com\/index.php\/wp-json\/wp\/v2\/posts\/135189","targetHints":{"allow":["GET"]}}],"collection":[{"href":"https:\/\/cdnoticias.com\/index.php\/wp-json\/wp\/v2\/posts"}],"about":[{"href":"https:\/\/cdnoticias.com\/index.php\/wp-json\/wp\/v2\/types\/post"}],"author":[{"embeddable":true,"href":"https:\/\/cdnoticias.com\/index.php\/wp-json\/wp\/v2\/users\/96739695"}],"replies":[{"embeddable":true,"href":"https:\/\/cdnoticias.com\/index.php\/wp-json\/wp\/v2\/comments?post=135189"}],"version-history":[{"count":0,"href":"https:\/\/cdnoticias.com\/index.php\/wp-json\/wp\/v2\/posts\/135189\/revisions"}],"wp:featuredmedia":[{"embeddable":true,"href":"https:\/\/cdnoticias.com\/index.php\/wp-json\/"}],"wp:attachment":[{"href":"https:\/\/cdnoticias.com\/index.php\/wp-json\/wp\/v2\/media?parent=135189"}],"wp:term":[{"taxonomy":"category","embeddable":true,"href":"https:\/\/cdnoticias.com\/index.php\/wp-json\/wp\/v2\/categories?post=135189"},{"taxonomy":"post_tag","embeddable":true,"href":"https:\/\/cdnoticias.com\/index.php\/wp-json\/wp\/v2\/tags?post=135189"}],"curies":[{"name":"wp","href":"https:\/\/api.w.org\/{rel}","templated":true}]}}