{"id":135177,"date":"2021-06-28T23:05:25","date_gmt":"2021-06-29T02:05:25","guid":{"rendered":"http:\/\/centraldeportes.com.ar\/?p=1334"},"modified":"2025-01-27T20:03:18","modified_gmt":"2025-01-27T23:03:18","slug":"se-disputo-la-fecha-inaugural-de-la-union-de-clubes-de-voleibol","status":"publish","type":"post","link":"https:\/\/cdnoticias.com\/index.php\/2021\/06\/28\/se-disputo-la-fecha-inaugural-de-la-union-de-clubes-de-voleibol\/","title":{"rendered":"Se disput\u00f3 la fecha inaugural de la Uni\u00f3n de Clubes de Voleibol"},"content":{"rendered":"<p>El pasado s\u00e1bado en el Minigimnasio del Parque Guerrero se llev\u00f3 a cabo la primera fecha del torneo de la Uni\u00f3n de Clubes de Voleibol para las categor\u00edas Sub13 y Sub14. Adem\u00e1s hubo encuentros recreativos.<!--more--><\/p>\n<hr \/>\n<p>Estudiantes recibi\u00f3 a Racing para dar comienzo a la competencia de la Uni\u00f3n de Clubes de Voleibol y en la jornada sabatina repartieron triunfos.<\/p>\n<p>&nbsp;<\/p>\n<p>En la categor\u00eda Sub14, el \u201cBataraz\u201d se impuso 2 a 1 en el primer partido (21\/19-18-21\/15-12) y tambi\u00e9n en el segundo, esta vez por 2 a 0 (21-15\/21-16).<\/p>\n<p>&nbsp;<\/p>\n<p>Por otro lado, en Sub13, Racing se impuso en los dos cotejos por 2 a 0 y previamente se realiz\u00f3 el Encuentro de mini v\u00f3ley con edades de 6 a 9 a\u00f1os (1vs1,\u00a0 2vs2)\u00a0 y de 10 a 12 a\u00f1os (4vs4).<\/p>\n<p>&nbsp;<\/p>\n<p><a href=\"https:\/\/i0.wp.com\/centraldeportes.com.ar\/wp-content\/uploads\/2021\/06\/1-17.png\"><img data-recalc-dims=\"1\" loading=\"lazy\" decoding=\"async\" class=\"aligncenter size-full wp-image-1337\" src=\"https:\/\/i0.wp.com\/centraldeportes.com.ar\/wp-content\/uploads\/2021\/06\/1-17.png?resize=800%2C534\" alt=\"\" width=\"800\" height=\"534\" \/><\/a><\/p>\n<p>&nbsp;<\/p>\n<p>De la fecha inaugural no pudo participar Pueblo Nuevo que por casos de Covid19 y para cumplir con el protocolo epidemiol\u00f3gico no asisti\u00f3.<\/p>\n<p>&nbsp;<\/p>\n","protected":false},"excerpt":{"rendered":"<p>El pasado s\u00e1bado en el Minigimnasio del Parque Guerrero se llev\u00f3 a cabo la primera fecha del torneo de la<\/p>\n","protected":false},"author":96739694,"featured_media":0,"comment_status":"closed","ping_status":"closed","sticky":false,"template":"","format":"standard","meta":{"_jetpack_memberships_contains_paid_content":false,"footnotes":""},"categories":[30,1],"tags":[],"class_list":["post-135177","post","type-post","status-publish","format-standard","hentry","category-polideportivo","category-portada"],"jetpack_featured_media_url":"","jetpack_sharing_enabled":true,"_links":{"self":[{"href":"https:\/\/cdnoticias.com\/index.php\/wp-json\/wp\/v2\/posts\/135177","targetHints":{"allow":["GET"]}}],"collection":[{"href":"https:\/\/cdnoticias.com\/index.php\/wp-json\/wp\/v2\/posts"}],"about":[{"href":"https:\/\/cdnoticias.com\/index.php\/wp-json\/wp\/v2\/types\/post"}],"author":[{"embeddable":true,"href":"https:\/\/cdnoticias.com\/index.php\/wp-json\/wp\/v2\/users\/96739694"}],"replies":[{"embeddable":true,"href":"https:\/\/cdnoticias.com\/index.php\/wp-json\/wp\/v2\/comments?post=135177"}],"version-history":[{"count":0,"href":"https:\/\/cdnoticias.com\/index.php\/wp-json\/wp\/v2\/posts\/135177\/revisions"}],"wp:attachment":[{"href":"https:\/\/cdnoticias.com\/index.php\/wp-json\/wp\/v2\/media?parent=135177"}],"wp:term":[{"taxonomy":"category","embeddable":true,"href":"https:\/\/cdnoticias.com\/index.php\/wp-json\/wp\/v2\/categories?post=135177"},{"taxonomy":"post_tag","embeddable":true,"href":"https:\/\/cdnoticias.com\/index.php\/wp-json\/wp\/v2\/tags?post=135177"}],"curies":[{"name":"wp","href":"https:\/\/api.w.org\/{rel}","templated":true}]}}