{"id":135169,"date":"2021-06-27T15:48:42","date_gmt":"2021-06-27T18:48:42","guid":{"rendered":"http:\/\/centraldeportes.com.ar\/?p=1240"},"modified":"2025-01-24T01:20:46","modified_gmt":"2025-01-24T04:20:46","slug":"olavarrienses-de-primera-janson-y-salvareschi-participaron-de-los-amistosos","status":"publish","type":"post","link":"https:\/\/cdnoticias.com\/index.php\/2021\/06\/27\/olavarrienses-de-primera-janson-y-salvareschi-participaron-de-los-amistosos\/","title":{"rendered":"Olavarrienses de Primera: Janson y Salvareschi participaron de los amistosos"},"content":{"rendered":"<p>Los equipos de Primera Divisi\u00f3n siguen en etapa de preparaci\u00f3n. Braian Salvareschi -en Sarmiento- y Lucas Janson -en V\u00e9lez Sarsfield- \u00a0participaron este s\u00e1bado en los amistosos.<\/p>\n<p><!--more--><\/p>\n<hr \/>\n<p>Los encuentros fueron a modalidad de \u201cida y vuelta\u201d y cada partido constar\u00eda de 2 tiempos de 35 minutos.<\/p>\n<p>&nbsp;<\/p>\n<p>Hurac\u00e1n y V\u00e9lez se enfrentaron en Parque Patricios. Lucas Janson particip\u00f3 del primer juego, resultando triunfo para los fortineros por 1 a 0 con gol de Mart\u00edn Lucero.<\/p>\n<p>&nbsp;<\/p>\n<p>Por otro lado, Argentino Juniors recibi\u00f3 a Sarmiento y fue triunfo para los locales por 2 a 1 con goles de Hauche mientras que por el lado del verde convirti\u00f3 Balestrasse. Braian Salvareschi tuvo minutos en el primero juego.<\/p>\n","protected":false},"excerpt":{"rendered":"<p>Los equipos de Primera Divisi\u00f3n siguen en etapa de preparaci\u00f3n. Braian Salvareschi -en Sarmiento- y Lucas Janson -en V\u00e9lez Sarsfield-<\/p>\n","protected":false},"author":96739694,"featured_media":142091,"comment_status":"closed","ping_status":"closed","sticky":false,"template":"","format":"standard","meta":{"_jetpack_memberships_contains_paid_content":false,"footnotes":""},"categories":[35,1,41],"tags":[],"class_list":["post-135169","post","type-post","status-publish","format-standard","has-post-thumbnail","hentry","category-futbol","category-portada","category-primera-y-reserva"],"jetpack_featured_media_url":"https:\/\/i0.wp.com\/cdnoticias.com\/wp-content\/uploads\/2021\/06\/portada-12.png?fit=800%2C445&ssl=1","jetpack_sharing_enabled":true,"_links":{"self":[{"href":"https:\/\/cdnoticias.com\/index.php\/wp-json\/wp\/v2\/posts\/135169","targetHints":{"allow":["GET"]}}],"collection":[{"href":"https:\/\/cdnoticias.com\/index.php\/wp-json\/wp\/v2\/posts"}],"about":[{"href":"https:\/\/cdnoticias.com\/index.php\/wp-json\/wp\/v2\/types\/post"}],"author":[{"embeddable":true,"href":"https:\/\/cdnoticias.com\/index.php\/wp-json\/wp\/v2\/users\/96739694"}],"replies":[{"embeddable":true,"href":"https:\/\/cdnoticias.com\/index.php\/wp-json\/wp\/v2\/comments?post=135169"}],"version-history":[{"count":0,"href":"https:\/\/cdnoticias.com\/index.php\/wp-json\/wp\/v2\/posts\/135169\/revisions"}],"wp:featuredmedia":[{"embeddable":true,"href":"https:\/\/cdnoticias.com\/index.php\/wp-json\/wp\/v2\/media\/142091"}],"wp:attachment":[{"href":"https:\/\/cdnoticias.com\/index.php\/wp-json\/wp\/v2\/media?parent=135169"}],"wp:term":[{"taxonomy":"category","embeddable":true,"href":"https:\/\/cdnoticias.com\/index.php\/wp-json\/wp\/v2\/categories?post=135169"},{"taxonomy":"post_tag","embeddable":true,"href":"https:\/\/cdnoticias.com\/index.php\/wp-json\/wp\/v2\/tags?post=135169"}],"curies":[{"name":"wp","href":"https:\/\/api.w.org\/{rel}","templated":true}]}}