{"id":135164,"date":"2021-06-26T10:47:19","date_gmt":"2021-06-26T13:47:19","guid":{"rendered":"http:\/\/centraldeportes.com.ar\/?p=1196"},"modified":"2025-01-24T01:21:08","modified_gmt":"2025-01-24T04:21:08","slug":"un-super-raton-y-un-gato-sueltos-en-valladolid","status":"publish","type":"post","link":"https:\/\/cdnoticias.com\/index.php\/2021\/06\/26\/un-super-raton-y-un-gato-sueltos-en-valladolid\/","title":{"rendered":"Un s\u00faper-rat\u00f3n y un gato sueltos en Valladolid"},"content":{"rendered":"<div id=\"pl-1196\" class=\"panel-layout\">\n<div id=\"pg-1196-0\" class=\"panel-grid panel-no-style\">\n<div id=\"pgc-1196-0-0\" class=\"panel-grid-cell\" data-weight=\"1\">\n<div id=\"panel-1196-0-0-0\" class=\"so-panel widget widget_sow-editor panel-first-child panel-last-child\" data-index=\"0\">\n<div class=\"so-widget-sow-editor so-widget-sow-editor-base\">\n<div class=\"siteorigin-widget-tinymce textwidget\">\n<p>Federico Chingotto y Juan Tello lograron la clasificaci\u00f3n a la Final del Valladolid M\u00e1ster al derrotar a Alejandro Gal\u00e1n y Juan Lebr\u00f3n.<\/p>\n<p><!--more--><\/p>\n<hr \/>\n<p>La pareja argentina derrot\u00f3 por 6\/4 y 7\/6 a Gal\u00e1n y Lebr\u00f3n y se impuso en las semifinales del M\u00e1ster de Valladolid.<\/p>\n<p><a href=\"https:\/\/i0.wp.com\/centraldeportes.com.ar\/wp-content\/uploads\/2021\/06\/gpv_3596-1170x669.jpg\"><img data-recalc-dims=\"1\" loading=\"lazy\" decoding=\"async\" class=\"aligncenter size-full wp-image-1200\" src=\"https:\/\/i0.wp.com\/centraldeportes.com.ar\/wp-content\/uploads\/2021\/06\/gpv_3596-1170x669.jpg?resize=800%2C457\" alt=\"\" width=\"800\" height=\"457\" \/><\/a><\/p>\n<p>&nbsp;<\/p>\n<p>Las dos primeras bolas de break se presentaban para Tello y Chingotto en el tercer juego.\u00a0 Las salvar\u00edan en el punto de oro Lebr\u00f3n y Gal\u00e1n. Pero en su siguiente ocasi\u00f3n, no iban a fallar los argentinos. A la altura del s\u00e9ptimo juego llegar\u00eda el break en favor de Tello y Chingotto, un break que supondr\u00eda a la larga el\u00a06-4.<\/p>\n<p>&nbsp;<\/p>\n<p><a href=\"https:\/\/i0.wp.com\/centraldeportes.com.ar\/wp-content\/uploads\/2021\/06\/E4zihMEX0AILs_N.jpg\"><img data-recalc-dims=\"1\" loading=\"lazy\" decoding=\"async\" class=\"aligncenter size-full wp-image-1201\" src=\"https:\/\/i0.wp.com\/centraldeportes.com.ar\/wp-content\/uploads\/2021\/06\/E4zihMEX0AILs_N.jpg?resize=800%2C457\" alt=\"\" width=\"800\" height=\"457\" \/><\/a><\/p>\n<p>&nbsp;<\/p>\n<p>En el segundo set, los espa\u00f1oles alcanzar\u00edan el 5-2, pero los argentinos supieron responder para terminar igualando en 5. El tie break decidir\u00eda un segundo set espectacular.\u00a0 Juan Tello y Fede Chingotto\u00a0se impusieron en el momento definitivo para clasificar a su primera final de la temporada\u00a0derrotando a los n\u00famero uno del mundo.<\/p>\n<p>&nbsp;<\/p>\n<blockquote class=\"twitter-tweet\">\n<p dir=\"ltr\" lang=\"es\">El Match-Point de <a href=\"https:\/\/twitter.com\/ChingottoFede?ref_src=twsrc%5Etfw\">@ChingottoFede<\/a>. Y nada m\u00e1s. <a href=\"https:\/\/twitter.com\/hashtag\/WPTValladolidMaster?src=hash&amp;ref_src=twsrc%5Etfw\">#WPTValladolidMaster<\/a>? <a href=\"https:\/\/t.co\/GUB3zvQmpG\">pic.twitter.com\/GUB3zvQmpG<\/a><\/p>\n<p>\u2014 World Padel Tour (@WorldPadelTour) <a href=\"https:\/\/twitter.com\/WorldPadelTour\/status\/1408753736281989128?ref_src=twsrc%5Etfw\">June 26, 2021<\/a><\/p><\/blockquote>\n<p><script async src=\"https:\/\/platform.twitter.com\/widgets.js\" charset=\"utf-8\"><\/script><\/p>\n<p>&nbsp;<\/p>\n<p>En b\u00fasqueda del t\u00edtulo, Chingotto y Tello enfrentar\u00e1n al ganador de la otra semifinal que jugar\u00e1n ante Maximiliano S\u00e1nchez y Luciano Capra vs Fernando Belasteguin y Carlos Guti\u00e9rrez.<\/p>\n<\/div>\n<\/div>\n<\/div>\n<\/div>\n<\/div>\n<\/div>\n","protected":false},"excerpt":{"rendered":"<p>Federico Chingotto y Juan Tello lograron la clasificaci\u00f3n a la Final del Valladolid M\u00e1ster al derrotar a Alejandro Gal\u00e1n y<\/p>\n","protected":false},"author":96739694,"featured_media":0,"comment_status":"closed","ping_status":"closed","sticky":false,"template":"","format":"standard","meta":{"_jetpack_memberships_contains_paid_content":false,"footnotes":""},"categories":[42,30,1],"tags":[],"class_list":["post-135164","post","type-post","status-publish","format-standard","hentry","category-olavarrienses-en-lugares","category-polideportivo","category-portada"],"jetpack_featured_media_url":"","jetpack_sharing_enabled":true,"_links":{"self":[{"href":"https:\/\/cdnoticias.com\/index.php\/wp-json\/wp\/v2\/posts\/135164","targetHints":{"allow":["GET"]}}],"collection":[{"href":"https:\/\/cdnoticias.com\/index.php\/wp-json\/wp\/v2\/posts"}],"about":[{"href":"https:\/\/cdnoticias.com\/index.php\/wp-json\/wp\/v2\/types\/post"}],"author":[{"embeddable":true,"href":"https:\/\/cdnoticias.com\/index.php\/wp-json\/wp\/v2\/users\/96739694"}],"replies":[{"embeddable":true,"href":"https:\/\/cdnoticias.com\/index.php\/wp-json\/wp\/v2\/comments?post=135164"}],"version-history":[{"count":0,"href":"https:\/\/cdnoticias.com\/index.php\/wp-json\/wp\/v2\/posts\/135164\/revisions"}],"wp:attachment":[{"href":"https:\/\/cdnoticias.com\/index.php\/wp-json\/wp\/v2\/media?parent=135164"}],"wp:term":[{"taxonomy":"category","embeddable":true,"href":"https:\/\/cdnoticias.com\/index.php\/wp-json\/wp\/v2\/categories?post=135164"},{"taxonomy":"post_tag","embeddable":true,"href":"https:\/\/cdnoticias.com\/index.php\/wp-json\/wp\/v2\/tags?post=135164"}],"curies":[{"name":"wp","href":"https:\/\/api.w.org\/{rel}","templated":true}]}}