{"id":135161,"date":"2021-06-25T17:04:01","date_gmt":"2021-06-25T20:04:01","guid":{"rendered":"http:\/\/centraldeportes.com.ar\/?p=1164"},"modified":"2025-01-24T01:21:29","modified_gmt":"2025-01-24T04:21:29","slug":"jeremias-sandrini-el-equipo-tiene-confianza-y-eso-lo-necesitamos-mucho","status":"publish","type":"post","link":"https:\/\/cdnoticias.com\/index.php\/2021\/06\/25\/jeremias-sandrini-el-equipo-tiene-confianza-y-eso-lo-necesitamos-mucho\/","title":{"rendered":"Jerem\u00edas Sandrini: \u201cEl equipo tiene confianza y eso lo necesitamos mucho\u201d"},"content":{"rendered":"<p>El \u201cjefecito\u201d habl\u00f3 tras el triunfo del jueves por la noche, donde fue una pieza clave para que Estudiantes le gane a Racing de Chivilcoy 90 a 61 y coseche su cuarto triunfo consecutivo en esta temporada de la Liga Argentina.<\/p>\n<p><!--more--><\/p>\n<hr \/>\n<p>Fue una jornada muy especial para el base rosarino que super\u00f3 los 850 puntos con la camiseta del \u201cbata\u201d siendo uno de los mejores en la victoria frente al conjunto de Chivilcoy con 15 puntos y 7 asistencias.<\/p>\n<p>&nbsp;<\/p>\n<p><a href=\"https:\/\/i0.wp.com\/centraldeportes.com.ar\/wp-content\/uploads\/2021\/06\/2-6.png\"><img data-recalc-dims=\"1\" loading=\"lazy\" decoding=\"async\" class=\"aligncenter size-full wp-image-1167\" src=\"https:\/\/i0.wp.com\/centraldeportes.com.ar\/wp-content\/uploads\/2021\/06\/2-6.png?resize=800%2C533\" alt=\"\" width=\"800\" height=\"533\" \/><\/a><\/p>\n<p>&nbsp;<\/p>\n<blockquote><p>\u201cSe nos dio un buen arranque frente a Racing con un buen primer tiempo. Despu\u00e9s por llevar 20 puntos de ventaja quiz\u00e1 nos relajamos un poco, pero supimos controlarlo en el \u00faltimo cuarto y cerrando el encuentro a falta de 4 minutos fue excelente para poder dar descanso a los que m\u00e1s estamos jugando\u201d, analiz\u00f3 Sandrini sobre el cotejo frente al albiceleste de Chivilcoy.<\/p><\/blockquote>\n<p>&nbsp;<\/p>\n<p>Adem\u00e1s, el base \u201cbataraz\u201d se refiri\u00f3 al nivel de juego que viene mostrando el equipo en los \u00faltimos partidos y sentenci\u00f3: \u201cNos estamos sintiendo muy c\u00f3modos y estamos aferr\u00e1ndonos a lo que es jugar de local. El equipo tiene otro rodaje, hay otra confianza en cada uno y eso lo necesitamos mucho. Adem\u00e1s todos tratamos de aportar, desde los 5 titulares hasta los que entran desde el banco\u201d<\/p>\n<p>&nbsp;<\/p>\n<p><a href=\"https:\/\/i0.wp.com\/centraldeportes.com.ar\/wp-content\/uploads\/2021\/06\/1-6.png\"><img data-recalc-dims=\"1\" loading=\"lazy\" decoding=\"async\" class=\"aligncenter size-full wp-image-1166\" src=\"https:\/\/i0.wp.com\/centraldeportes.com.ar\/wp-content\/uploads\/2021\/06\/1-6.png?resize=800%2C533\" alt=\"\" width=\"800\" height=\"533\" \/><\/a><\/p>\n<p>&nbsp;<\/p>\n<p>\u201cSe sienten los tres partidos en cuatro d\u00edas pero ahora a descansar y a poner la cabeza en el siguiente partido contra Lan\u00fas\u201d declar\u00f3 el capit\u00e1n de Estudiantes sobre la seguidilla de partidos, que debe seguir porque estar\u00e1 midi\u00e9ndose ante el \u201cGranate\u201d este viernes desde las 19:00.<\/p>\n","protected":false},"excerpt":{"rendered":"<p>El \u201cjefecito\u201d habl\u00f3 tras el triunfo del jueves por la noche, donde fue una pieza clave para que Estudiantes le<\/p>\n","protected":false},"author":96739694,"featured_media":142230,"comment_status":"closed","ping_status":"closed","sticky":false,"template":"","format":"standard","meta":{"_jetpack_memberships_contains_paid_content":false,"footnotes":""},"categories":[31,32,1],"tags":[],"class_list":["post-135161","post","type-post","status-publish","format-standard","has-post-thumbnail","hentry","category-basquet","category-liga-argentina","category-portada"],"jetpack_featured_media_url":"https:\/\/i0.wp.com\/cdnoticias.com\/wp-content\/uploads\/2021\/06\/portada-8.png?fit=800%2C445&ssl=1","jetpack_sharing_enabled":true,"_links":{"self":[{"href":"https:\/\/cdnoticias.com\/index.php\/wp-json\/wp\/v2\/posts\/135161","targetHints":{"allow":["GET"]}}],"collection":[{"href":"https:\/\/cdnoticias.com\/index.php\/wp-json\/wp\/v2\/posts"}],"about":[{"href":"https:\/\/cdnoticias.com\/index.php\/wp-json\/wp\/v2\/types\/post"}],"author":[{"embeddable":true,"href":"https:\/\/cdnoticias.com\/index.php\/wp-json\/wp\/v2\/users\/96739694"}],"replies":[{"embeddable":true,"href":"https:\/\/cdnoticias.com\/index.php\/wp-json\/wp\/v2\/comments?post=135161"}],"version-history":[{"count":0,"href":"https:\/\/cdnoticias.com\/index.php\/wp-json\/wp\/v2\/posts\/135161\/revisions"}],"wp:featuredmedia":[{"embeddable":true,"href":"https:\/\/cdnoticias.com\/index.php\/wp-json\/wp\/v2\/media\/142230"}],"wp:attachment":[{"href":"https:\/\/cdnoticias.com\/index.php\/wp-json\/wp\/v2\/media?parent=135161"}],"wp:term":[{"taxonomy":"category","embeddable":true,"href":"https:\/\/cdnoticias.com\/index.php\/wp-json\/wp\/v2\/categories?post=135161"},{"taxonomy":"post_tag","embeddable":true,"href":"https:\/\/cdnoticias.com\/index.php\/wp-json\/wp\/v2\/tags?post=135161"}],"curies":[{"name":"wp","href":"https:\/\/api.w.org\/{rel}","templated":true}]}}