{"id":13516,"date":"2021-02-11T10:01:04","date_gmt":"2021-02-11T13:01:04","guid":{"rendered":"http:\/\/www.centraldenoticias.com.ar\/?p=13516"},"modified":"2021-02-11T10:01:04","modified_gmt":"2021-02-11T13:01:04","slug":"una-vez-mas-el-gobierno-muestra-que-el-camino-es-el-del-dialogo","status":"publish","type":"post","link":"https:\/\/cdnoticias.com\/index.php\/2021\/02\/11\/una-vez-mas-el-gobierno-muestra-que-el-camino-es-el-del-dialogo\/","title":{"rendered":"\u201cUna vez m\u00e1s el gobierno muestra que el camino es el del di\u00e1logo\u201d"},"content":{"rendered":"<p>La diputada olavarriense Liliana Schwindt valor\u00f3 el encuentro entre el Presidente y la Mesa de Enlace y, como especialista en defensa al consumidor, pidi\u00f3 que los supermercados \u201cacepten la crisis que estamos viviendo y piensen por el pa\u00eds\u201d.<!--more--><\/p>\n<hr \/>\n<p>Tras <strong>el encuentro entre el Gobierno y la Mesa de Enlace, con la confirmaci\u00f3n de que no habr\u00e1 suba en las retenciones<\/strong>, la diputada nacional <strong>Liliana Schwindt<\/strong> celebr\u00f3 el encuentro y <strong>valor\u00f3 la postura de Alberto Fern\u00e1ndez que <em>\u201cmuestra que el camino es el del di\u00e1logo con todos los sectores para buscar soluciones\u201d.<\/em><\/strong><\/p>\n<p>&nbsp;<\/p>\n<p>De todas maneras, dej\u00f3 en claro que<em> \u201cese di\u00e1logo tambi\u00e9n tiene que implicar flexibilidad por parte de los sectores al aceptar que lo prioritario es que la Argentina pueda salir adelante; y eso significa, pensar en los intereses colectivos y no solo los propios\u201d.<\/em><\/p>\n<p>&nbsp;<\/p>\n<blockquote><p>Si bien aclar\u00f3 que los productores \u201cno son formadores de precio\u201d, aparece la cadena de valor (log\u00edstica, distribuci\u00f3n, etc.) \u201cy ac\u00e1 el mismo dilema de siempre: los supermercados, los intermediarios. Ellos s\u00ed forman precios, porque nos venden a nosotros los consumidores\u201d.<\/p><\/blockquote>\n<p>&nbsp;<\/p>\n<p>Finalmente, dej\u00f3 la inc\u00f3gnita abierta al di\u00e1logo con vecinos por redes sociales: <strong><em>\u201c\u00bfpodr\u00e1n los supermercados aceptar la crisis que estamos viviendo y pensar por el pa\u00eds, en lugar de solo sus intereses?\u201d<\/em><\/strong><\/p>\n","protected":false},"excerpt":{"rendered":"<p>La diputada olavarriense Liliana Schwindt valor\u00f3 el encuentro entre el Presidente y la Mesa de Enlace y, como especialista en<\/p>\n","protected":false},"author":2,"featured_media":10470,"comment_status":"closed","ping_status":"closed","sticky":false,"template":"","format":"standard","meta":{"_jetpack_memberships_contains_paid_content":false,"footnotes":""},"categories":[4,1],"tags":[],"class_list":["post-13516","post","type-post","status-publish","format-standard","has-post-thumbnail","hentry","category-politica","category-portada"],"jetpack_featured_media_url":"https:\/\/i0.wp.com\/cdnoticias.com\/wp-content\/uploads\/2021\/01\/liliana-alberto.jpg?fit=2254%2C1980&ssl=1","jetpack_sharing_enabled":true,"_links":{"self":[{"href":"https:\/\/cdnoticias.com\/index.php\/wp-json\/wp\/v2\/posts\/13516","targetHints":{"allow":["GET"]}}],"collection":[{"href":"https:\/\/cdnoticias.com\/index.php\/wp-json\/wp\/v2\/posts"}],"about":[{"href":"https:\/\/cdnoticias.com\/index.php\/wp-json\/wp\/v2\/types\/post"}],"author":[{"embeddable":true,"href":"https:\/\/cdnoticias.com\/index.php\/wp-json\/wp\/v2\/users\/2"}],"replies":[{"embeddable":true,"href":"https:\/\/cdnoticias.com\/index.php\/wp-json\/wp\/v2\/comments?post=13516"}],"version-history":[{"count":0,"href":"https:\/\/cdnoticias.com\/index.php\/wp-json\/wp\/v2\/posts\/13516\/revisions"}],"wp:featuredmedia":[{"embeddable":true,"href":"https:\/\/cdnoticias.com\/index.php\/wp-json\/wp\/v2\/media\/10470"}],"wp:attachment":[{"href":"https:\/\/cdnoticias.com\/index.php\/wp-json\/wp\/v2\/media?parent=13516"}],"wp:term":[{"taxonomy":"category","embeddable":true,"href":"https:\/\/cdnoticias.com\/index.php\/wp-json\/wp\/v2\/categories?post=13516"},{"taxonomy":"post_tag","embeddable":true,"href":"https:\/\/cdnoticias.com\/index.php\/wp-json\/wp\/v2\/tags?post=13516"}],"curies":[{"name":"wp","href":"https:\/\/api.w.org\/{rel}","templated":true}]}}