{"id":135150,"date":"2021-06-23T10:43:25","date_gmt":"2021-06-23T13:43:25","guid":{"rendered":"http:\/\/centraldeportes.com.ar\/?p=1091"},"modified":"2025-01-24T01:21:53","modified_gmt":"2025-01-24T04:21:53","slug":"el-karting-confirmo-el-regreso-a-las-competencias-y-correra-en-el-amco","status":"publish","type":"post","link":"https:\/\/cdnoticias.com\/index.php\/2021\/06\/23\/el-karting-confirmo-el-regreso-a-las-competencias-y-correra-en-el-amco\/","title":{"rendered":"El Karting confirm\u00f3 el regreso a las competencias y\u00a0correr\u00e1 en el AMCO"},"content":{"rendered":"<p>Finalmente, y luego de varias gestiones, los directivos de APPKO lograron que el Municipio los habilit\u00e9 a realizar competencias. De este modo el 4 de julio se concretar\u00e1 la cuarta fecha del campeonato para las siete divisionales.<!--more--><\/p>\n<hr \/>\n<p>&nbsp;<\/p>\n<p>La Asociaci\u00f3n de Pilotos y Propietarios de Karting de Olavarr\u00eda trabaj\u00f3 incansablemente para poder concretar el regreso, y en las \u00faltimas horas hubo charlas decisivas para poder confirmar el regreso a la actividad el pr\u00f3ximo 4 de julio.<\/p>\n<p>&nbsp;<\/p>\n<p>Tras las <a href=\"http:\/\/centraldeportes.com.ar\/el-karting-volvio-a-girar-en-el-amco\/\">pruebas<\/a> del pasado lunes feriado, Paulo Rold\u00e1n -su presidente- se reuni\u00f3 con altos funcionarios municipales y tambi\u00e9n con responsables de salud de la Ciudad, demostrando el compromiso y la seriedad con la que la categor\u00eda trabaja. Esto fue valorado por los funcionarios, que garantizaron que era el momento para poder realizar la competencia.<\/p>\n<p>&nbsp;<\/p>\n<p>De este modo <strong>se abri\u00f3 la puerta a la realizaci\u00f3n de la competencia, y el 4 de julio pr\u00f3ximo, el Karting correr\u00e1 en el AMCO<\/strong> y\u00a0permitir\u00eda tambi\u00e9n el regreso de APPS, y es probable que en las pr\u00f3ximas horas se confirme la realizaci\u00f3n de la competencia de las Promocionales en este mismo escenario.<\/p>\n","protected":false},"excerpt":{"rendered":"<p>Finalmente, y luego de varias gestiones, los directivos de APPKO lograron que el Municipio los habilit\u00e9 a realizar competencias. De<\/p>\n","protected":false},"author":96739694,"featured_media":0,"comment_status":"closed","ping_status":"closed","sticky":false,"template":"","format":"standard","meta":{"_jetpack_memberships_contains_paid_content":false,"footnotes":""},"categories":[33,34,1],"tags":[],"class_list":["post-135150","post","type-post","status-publish","format-standard","hentry","category-appko","category-automovilismo","category-portada"],"jetpack_featured_media_url":"","jetpack_sharing_enabled":true,"_links":{"self":[{"href":"https:\/\/cdnoticias.com\/index.php\/wp-json\/wp\/v2\/posts\/135150","targetHints":{"allow":["GET"]}}],"collection":[{"href":"https:\/\/cdnoticias.com\/index.php\/wp-json\/wp\/v2\/posts"}],"about":[{"href":"https:\/\/cdnoticias.com\/index.php\/wp-json\/wp\/v2\/types\/post"}],"author":[{"embeddable":true,"href":"https:\/\/cdnoticias.com\/index.php\/wp-json\/wp\/v2\/users\/96739694"}],"replies":[{"embeddable":true,"href":"https:\/\/cdnoticias.com\/index.php\/wp-json\/wp\/v2\/comments?post=135150"}],"version-history":[{"count":0,"href":"https:\/\/cdnoticias.com\/index.php\/wp-json\/wp\/v2\/posts\/135150\/revisions"}],"wp:attachment":[{"href":"https:\/\/cdnoticias.com\/index.php\/wp-json\/wp\/v2\/media?parent=135150"}],"wp:term":[{"taxonomy":"category","embeddable":true,"href":"https:\/\/cdnoticias.com\/index.php\/wp-json\/wp\/v2\/categories?post=135150"},{"taxonomy":"post_tag","embeddable":true,"href":"https:\/\/cdnoticias.com\/index.php\/wp-json\/wp\/v2\/tags?post=135150"}],"curies":[{"name":"wp","href":"https:\/\/api.w.org\/{rel}","templated":true}]}}