{"id":135145,"date":"2021-06-22T16:25:05","date_gmt":"2021-06-22T19:25:05","guid":{"rendered":"http:\/\/centraldeportes.com.ar\/?p=1042"},"modified":"2025-01-24T01:21:59","modified_gmt":"2025-01-24T04:21:59","slug":"diez-anos-del-ascenso-de-racing","status":"publish","type":"post","link":"https:\/\/cdnoticias.com\/index.php\/2021\/06\/22\/diez-anos-del-ascenso-de-racing\/","title":{"rendered":"\u00a1Diez a\u00f1os del ascenso de Racing!"},"content":{"rendered":"<p>Este 22 de junio se recuerdan los 10 a\u00f1os del segundo ascenso de Racing de Olavarr\u00eda al Argentino A en la 2011\/12 frente a Deportivo Roca.<\/p>\n<p><!--more--><\/p>\n<hr \/>\n<p>En el partido de ida hab\u00edan empatado 1 a 1 con goles de Fernando Fern\u00e1ndez para el local y Gonzalo Baroni para el Chaira. Luego fue 5-4 en los penales tras haber empatado 0 a 0 en el Buglione Martinese.<\/p>\n<p><img data-recalc-dims=\"1\" loading=\"lazy\" decoding=\"async\" class=\"aligncenter size-full wp-image-1046\" src=\"https:\/\/i0.wp.com\/centraldeportes.com.ar\/wp-content\/uploads\/2021\/06\/204893390_1185240558605593_4353219602181743928_n.jpg?resize=526%2C398\" alt=\"\" width=\"526\" height=\"398\" \/><\/p>\n<p><strong>Plantel de Racing<\/strong><\/p>\n<p>Guillermo Ferreyra (20), Victor Sieracki (13),Mart\u00edn Juli\u00e1n Gainza (1), Nicol\u00e1s Vivas, Fabi\u00e1n Barrionuevo (8), Cristian Castagnino (9), Esteban Erramuspe (24), David Garcia Lorenzo (31), Juan Carlos Mi\u00f1o Minbielle (6), Diego Restelli (3), Jos\u00e9 Solaberrieta (22), Dar\u00edo Santell\u00e1n (28), Mario Cambi (18), Cristian Di Pangrazio (19), Franco Collodoro, Lucio Kraser, Pablo Alejandro Ponce, Francisco Varela, Gast\u00f3n Alberca (1), Facundo Eyler, Ignacio Barzola(15), Sebasti\u00e1n Derlis Franco (25), Sergio Gallastegui, Julio Iba\u00f1ez (28), Adri\u00e1n Rodas (5), Sebasti\u00e1n Magari\u00f1os, Agust\u00edn Mangano, Ignacio Mazzey, Ezequiel Niz, Mat\u00edas Ordozgoiti (10), Juan Manuel Ponce, Facundo Rodr\u00edguez, Kevin Santucchi (4), Eduardo Scasserra (24), Francisco Signorelli, Alejandro Vedellini, Leonardo Vitale (26), Diego Giamarchi (19), Gonzalo Baroni (31), Mart\u00edn Galotti, Cristian Girard.<\/p>\n<p><img data-recalc-dims=\"1\" loading=\"lazy\" decoding=\"async\" class=\"aligncenter size-full wp-image-1045\" src=\"https:\/\/i0.wp.com\/centraldeportes.com.ar\/wp-content\/uploads\/2021\/06\/204270169_337753191132475_4260198416557076104_n.jpg?resize=634%2C480\" alt=\"\" width=\"634\" height=\"480\" \/><\/p>\n<p><strong>Fuente:<\/strong> Tarde Redonda<\/p>\n","protected":false},"excerpt":{"rendered":"<p>Este 22 de junio se recuerdan los 10 a\u00f1os del segundo ascenso de Racing de Olavarr\u00eda al Argentino A en<\/p>\n","protected":false},"author":96739694,"featured_media":0,"comment_status":"closed","ping_status":"closed","sticky":false,"template":"","format":"standard","meta":{"_jetpack_memberships_contains_paid_content":false,"footnotes":""},"categories":[35,1,41],"tags":[],"class_list":["post-135145","post","type-post","status-publish","format-standard","hentry","category-futbol","category-portada","category-primera-y-reserva"],"jetpack_featured_media_url":"","jetpack_sharing_enabled":true,"_links":{"self":[{"href":"https:\/\/cdnoticias.com\/index.php\/wp-json\/wp\/v2\/posts\/135145","targetHints":{"allow":["GET"]}}],"collection":[{"href":"https:\/\/cdnoticias.com\/index.php\/wp-json\/wp\/v2\/posts"}],"about":[{"href":"https:\/\/cdnoticias.com\/index.php\/wp-json\/wp\/v2\/types\/post"}],"author":[{"embeddable":true,"href":"https:\/\/cdnoticias.com\/index.php\/wp-json\/wp\/v2\/users\/96739694"}],"replies":[{"embeddable":true,"href":"https:\/\/cdnoticias.com\/index.php\/wp-json\/wp\/v2\/comments?post=135145"}],"version-history":[{"count":0,"href":"https:\/\/cdnoticias.com\/index.php\/wp-json\/wp\/v2\/posts\/135145\/revisions"}],"wp:attachment":[{"href":"https:\/\/cdnoticias.com\/index.php\/wp-json\/wp\/v2\/media?parent=135145"}],"wp:term":[{"taxonomy":"category","embeddable":true,"href":"https:\/\/cdnoticias.com\/index.php\/wp-json\/wp\/v2\/categories?post=135145"},{"taxonomy":"post_tag","embeddable":true,"href":"https:\/\/cdnoticias.com\/index.php\/wp-json\/wp\/v2\/tags?post=135145"}],"curies":[{"name":"wp","href":"https:\/\/api.w.org\/{rel}","templated":true}]}}