{"id":135135,"date":"2021-06-20T16:47:43","date_gmt":"2021-06-20T19:47:43","guid":{"rendered":"http:\/\/centraldeportes.com.ar\/?p=949"},"modified":"2025-01-24T01:16:52","modified_gmt":"2025-01-24T04:16:52","slug":"historias-de-vidas-deportivas-en-la-unidad-no2-se-presento-el-turco-garcia","status":"publish","type":"post","link":"https:\/\/cdnoticias.com\/index.php\/2021\/06\/20\/historias-de-vidas-deportivas-en-la-unidad-no2-se-presento-el-turco-garcia\/","title":{"rendered":"&#8220;Historias de vidas deportivas&#8221; en la Unidad N\u00ba2: se present\u00f3 el \u201cTurco\u201d Garc\u00eda"},"content":{"rendered":"<p>Claudio \u201cEl Turco\u201d Garc\u00eda comparti\u00f3 su experiencia de vida con personas privadas de la libertad de diferentes c\u00e1rceles bonaerenses.<\/p>\n<p><!--more--><\/p>\n<hr \/>\n<p>Un nuevo encuentro del ciclo de charlas fue seguido de cerca por los privados de la libertad de las unidades: Unidad N\u00ba2 Sierra Chica, Unidad N\u00ba3 San Nicol\u00e1s, Unidad N\u00ba 9 La Plata, Unidad N\u00ba10 Melchor Romero, Unidad N\u00ba12 Gorina, Unidad N\u00ba14 Gral. Alvear, Unidad N\u00ba 25 y N\u00ba26 Lisandro Olmos, Unidad N\u00ba32 Florencio Varela, Unidad N\u00ba33 Los Hornos, Unidad N\u00ba39 Ituzaing\u00f3, Unidad N\u00ba40 Lomas de Zamora, Unidad N\u00ba47 San Martin, Unidad N\u00ba49 Alcaid\u00eda Penitenciaria Jun\u00edn, Unidad N\u00ba52 Azul, Unidad N\u00ba54 Florencio Varela.<\/p>\n<p>&nbsp;<\/p>\n<p>El ministro de Justicia y Derechos Humanos, Julio Alak, particip\u00f3 semanas atr\u00e1s de un nuevo encuentro del Ciclo \u201cHistorias de vida deportivas\u201d para personas en contexto de encierro, encabezado por el ex futbolista y entrenador Claudio &#8220;El Turco&#8221; Garc\u00eda.<\/p>\n<p>&nbsp;<\/p>\n<p>El encuentro se realiz\u00f3 en el marco del ciclo de charlas que impulsa el Ministerio de Justicia y Derechos Humanos para los privados de la libertad, con el objetivo de ponderar los valores del deporte y que el mensaje tenga un efecto resocializador.<\/p>\n<p>&nbsp;<\/p>\n<p>En concreto, se busca que desde vivencias de referentes del deporte, tanto nacional como internacional, que transcurrieron una vida con valores y h\u00e1bitos aprendidos desde la pr\u00e1ctica deportiva, cuenten como se iniciaron en la disciplina, los obst\u00e1culos que tuvieron y c\u00f3mo los superaron para alcanzar sus sue\u00f1os. Claudio Garc\u00eda, de gran sensibilidad social, suele visitar la Unidad 40 de Lomas de Zamora ya que, como Maradona, naci\u00f3 en Villa Fiorito.<\/p>\n<p>&nbsp;<\/p>\n<p>En ese sentido, el ministro Alak sostuvo: \u201cEstoy seguro que si Diego viviera disfrutar\u00eda much\u00edsimo de una charla con todos las personas privadas de su libertad. El Turco y Diego tienen personalidades parecidas, deportistas exitosos, y que nunca se olvidaron de sus or\u00edgenes y adem\u00e1s supieron ayudar al otro sin que nadie se los pida. As\u00ed fue Maradona, as\u00ed es el Turco Garc\u00eda\u201d.<\/p>\n<p>&nbsp;<\/p>\n<p>La charla se realiz\u00f3 por medio de la plataforma Zoom, para 1600 personas privadas de libertad alojadas en 16 penales de la provincia de Buenos Aires, y se hizo con el formato de pregunta-respuesta, lo que llev\u00f3 a un repaso de su carrera del ex jugador internacional con la selecci\u00f3n argentina.<\/p>\n<p>&nbsp;<\/p>\n<p>Entre tantos mensajes que dej\u00f3 el \u201cTurco Garc\u00eda\u201d se\u00f1alo: \u201cA los internos que puedan estudiar, hacer alguna cosa para que cuando salgan de ah\u00ed puedan tener una salida laboral que tanto cuesta. Cuando salen por ah\u00ed no tienen una salida laboral porque son se\u00f1alados. Entonces digo que est\u00e1 bueno que se puedan reinsertar a la sociedad, porque todos nos podemos equivocar\u201d.<br \/>\nEl Ciclo de charlas es coordinado por la directora Deportes y Cultura del Ministerio, Claudia Rodr\u00edguez y el director provincial de Pol\u00edticas de Inclusi\u00f3n, Marcelo Iafolla, y del mismo ya participaron el reconocido exjugador y entrenador Pedro Troglio, el arquero del club Estudiantes de La Plata, Mariano Andujar; y los boxeadores y excampeones mundiales de boxeo, Mart\u00edn \u201cL\u00e1tigo\u201d Coggi, Y\u00e9sica Boop y Jorge &#8220;Locomotora&#8221; Castro.<\/p>\n<p>&nbsp;<\/p>\n<p>Adem\u00e1s de este ciclo de charlas, se impuls\u00f3 el dictado de clases de distintas disciplinas tambi\u00e9n por plataforma Zoom a todos los pabellones, para ampliar la pr\u00e1ctica deportiva y diferentes capacitaciones relacionadas al deporte.<\/p>\n","protected":false},"excerpt":{"rendered":"<p>Claudio \u201cEl Turco\u201d Garc\u00eda comparti\u00f3 su experiencia de vida con personas privadas de la libertad de diferentes c\u00e1rceles bonaerenses.<\/p>\n","protected":false},"author":96739694,"featured_media":142305,"comment_status":"closed","ping_status":"closed","sticky":false,"template":"","format":"standard","meta":{"_jetpack_memberships_contains_paid_content":false,"footnotes":""},"categories":[35,1],"tags":[],"class_list":["post-135135","post","type-post","status-publish","format-standard","has-post-thumbnail","hentry","category-futbol","category-portada"],"jetpack_featured_media_url":"https:\/\/i0.wp.com\/cdnoticias.com\/wp-content\/uploads\/2021\/06\/Sin-t%C3%ADtulo-1-3.png?fit=800%2C445&ssl=1","jetpack_sharing_enabled":true,"_links":{"self":[{"href":"https:\/\/cdnoticias.com\/index.php\/wp-json\/wp\/v2\/posts\/135135","targetHints":{"allow":["GET"]}}],"collection":[{"href":"https:\/\/cdnoticias.com\/index.php\/wp-json\/wp\/v2\/posts"}],"about":[{"href":"https:\/\/cdnoticias.com\/index.php\/wp-json\/wp\/v2\/types\/post"}],"author":[{"embeddable":true,"href":"https:\/\/cdnoticias.com\/index.php\/wp-json\/wp\/v2\/users\/96739694"}],"replies":[{"embeddable":true,"href":"https:\/\/cdnoticias.com\/index.php\/wp-json\/wp\/v2\/comments?post=135135"}],"version-history":[{"count":0,"href":"https:\/\/cdnoticias.com\/index.php\/wp-json\/wp\/v2\/posts\/135135\/revisions"}],"wp:featuredmedia":[{"embeddable":true,"href":"https:\/\/cdnoticias.com\/index.php\/wp-json\/wp\/v2\/media\/142305"}],"wp:attachment":[{"href":"https:\/\/cdnoticias.com\/index.php\/wp-json\/wp\/v2\/media?parent=135135"}],"wp:term":[{"taxonomy":"category","embeddable":true,"href":"https:\/\/cdnoticias.com\/index.php\/wp-json\/wp\/v2\/categories?post=135135"},{"taxonomy":"post_tag","embeddable":true,"href":"https:\/\/cdnoticias.com\/index.php\/wp-json\/wp\/v2\/tags?post=135135"}],"curies":[{"name":"wp","href":"https:\/\/api.w.org\/{rel}","templated":true}]}}