{"id":135134,"date":"2021-06-20T13:17:12","date_gmt":"2021-06-20T16:17:12","guid":{"rendered":"http:\/\/centraldeportes.com.ar\/?p=945"},"modified":"2025-01-24T01:16:49","modified_gmt":"2025-01-24T04:16:49","slug":"santiago-tambucci-gano-y-se-escapa-en-el-campeonato","status":"publish","type":"post","link":"https:\/\/cdnoticias.com\/index.php\/2021\/06\/20\/santiago-tambucci-gano-y-se-escapa-en-el-campeonato\/","title":{"rendered":"Santiago Tambucci gan\u00f3 y se escapa en el campeonato"},"content":{"rendered":"<p>El piloto olavarriense gan\u00f3 una carrera b\u00e1rbara en la Clase 2 del Turismo Pista, y sum\u00f3 puntos importantes para escaparse en el torneo. Gabriel Melian avanz\u00f3 y fue sexto en un gran trabajo. En la Clase 1 los olavarrienses Fernando Curra y Nicol\u00e1s Rojas estuvieron complicados.<\/p>\n<p><!--more--><\/p>\n<hr \/>\n<p>El Turismo Pista disput\u00f3 la cuarta fecha del campeonato en el aut\u00f3dromo de Buenos Aires, y Santiago Tambucci se destac\u00f3 en un carrer\u00f3n de la Clase 2.<\/p>\n<p>&nbsp;<\/p>\n<p>El piloto de Sierras Bayas se mantuvo en la pelea durante toda la final, partiendo desde la segunda fila, y con maniobras al l\u00edmite lleg\u00f3 a la \u00faltima parte favorecido por el auto de seguridad, que elimin\u00f3 la diferencia que Fontana hab\u00eda hecho en la punta.<\/p>\n<p>&nbsp;<\/p>\n<p>En la parte final, y tras la reanudaci\u00f3n de la competencia luego de la salida del auto de seguridad, Tambucci comenz\u00f3 a inquietarlo por todos lados y forz\u00f3 el error de Fontana, que se pas\u00f3 y el de Olavarr\u00eda logr\u00f3 tomar la punta.<\/p>\n<p>&nbsp;<\/p>\n<p>De ah\u00ed en m\u00e1s comenz\u00f3 una carrera para aguantar los embates de Fontana y Cravero, que lo buscaron por todos lados, llegaron a tocarse pero Tambucci se defendi\u00f3, consiguiendo una victoria sumamente importante, con puntos muy valioso para el campeonato, ya que lleg\u00f3 a esta competencia en la cima, pero igualado en puntos con Franco Fauret.<\/p>\n<p>&nbsp;<\/p>\n<p>Gabriel Melian tuvo una buena final, el otro representante en la Clase 2 parti\u00f3 desde el 15\u00ba lugar, y mantuvo una entretenida carrera, avanzando a fuerza de mucha lucha, para ver la bandera a cuadros en el sexto lugar final.<\/p>\n<p>&nbsp;<\/p>\n<p>La Clase 1 cont\u00f3 con la presencia de Fernando Curra y Nicol\u00e1s Rojas este fin de semana, ambos sin suerte. Curra abandon\u00f3 en la primera vuelta de la final, mientras que Nicol\u00e1s Rojas no ingres\u00f3 a la competencia final por no largar la serie del s\u00e1bado. Juan Deucedes se llev\u00f3 la final, escoltado por Felipe Martini y Franco Melli.<\/p>\n<p>&nbsp;<\/p>\n","protected":false},"excerpt":{"rendered":"<p>El piloto olavarriense gan\u00f3 una carrera b\u00e1rbara en la Clase 2 del Turismo Pista, y sum\u00f3 puntos importantes para escaparse<\/p>\n","protected":false},"author":96739694,"featured_media":142303,"comment_status":"closed","ping_status":"closed","sticky":false,"template":"","format":"standard","meta":{"_jetpack_memberships_contains_paid_content":false,"footnotes":""},"categories":[34,1,49],"tags":[],"class_list":["post-135134","post","type-post","status-publish","format-standard","has-post-thumbnail","hentry","category-automovilismo","category-portada","category-turismo-pista"],"jetpack_featured_media_url":"https:\/\/i0.wp.com\/cdnoticias.com\/wp-content\/uploads\/2021\/06\/WhatsApp-Image-2021-06-20-at-13.11.47.jpeg?fit=1200%2C797&ssl=1","jetpack_sharing_enabled":true,"_links":{"self":[{"href":"https:\/\/cdnoticias.com\/index.php\/wp-json\/wp\/v2\/posts\/135134","targetHints":{"allow":["GET"]}}],"collection":[{"href":"https:\/\/cdnoticias.com\/index.php\/wp-json\/wp\/v2\/posts"}],"about":[{"href":"https:\/\/cdnoticias.com\/index.php\/wp-json\/wp\/v2\/types\/post"}],"author":[{"embeddable":true,"href":"https:\/\/cdnoticias.com\/index.php\/wp-json\/wp\/v2\/users\/96739694"}],"replies":[{"embeddable":true,"href":"https:\/\/cdnoticias.com\/index.php\/wp-json\/wp\/v2\/comments?post=135134"}],"version-history":[{"count":0,"href":"https:\/\/cdnoticias.com\/index.php\/wp-json\/wp\/v2\/posts\/135134\/revisions"}],"wp:featuredmedia":[{"embeddable":true,"href":"https:\/\/cdnoticias.com\/index.php\/wp-json\/wp\/v2\/media\/142303"}],"wp:attachment":[{"href":"https:\/\/cdnoticias.com\/index.php\/wp-json\/wp\/v2\/media?parent=135134"}],"wp:term":[{"taxonomy":"category","embeddable":true,"href":"https:\/\/cdnoticias.com\/index.php\/wp-json\/wp\/v2\/categories?post=135134"},{"taxonomy":"post_tag","embeddable":true,"href":"https:\/\/cdnoticias.com\/index.php\/wp-json\/wp\/v2\/tags?post=135134"}],"curies":[{"name":"wp","href":"https:\/\/api.w.org\/{rel}","templated":true}]}}