{"id":135131,"date":"2021-06-19T19:56:19","date_gmt":"2021-06-19T22:56:19","guid":{"rendered":"http:\/\/centraldeportes.com.ar\/?p=932"},"modified":"2025-01-24T01:17:02","modified_gmt":"2025-01-24T04:17:02","slug":"buena-clasificacion-para-weimann-en-el-tc-pista","status":"publish","type":"post","link":"https:\/\/cdnoticias.com\/index.php\/2021\/06\/19\/buena-clasificacion-para-weimann-en-el-tc-pista\/","title":{"rendered":"Buena clasificaci\u00f3n para Weimann en el TC Pista"},"content":{"rendered":"<p>El olavarriense qued\u00f3 en el puesto 23\u00ba, a 838\/1000 de la punta. El equipo recuper\u00f3 el Torino del fuerte golpe sufrido en la carrera anterior y hay auto para dar pelea. Pedro Boero se qued\u00f3 con la pole.<\/p>\n<p><!--more--><\/p>\n<hr \/>\n<p>El TC Pista desarroll\u00f3 este s\u00e1bado la jornada clasificatoria en el aut\u00f3dromo de San Nicol\u00e1s, en donde Pedro Boero fue el poleman.<\/p>\n<p>&nbsp;<\/p>\n<p>El piloto del Rus Med Team consigui\u00f3 una mejor vuelta de 1\u00b427\u201d470, relegando a Federico Iribarne y Santiago \u00c1lvarez en las mejores ubicaciones.<\/p>\n<p>&nbsp;<\/p>\n<p>Buen trabajo para el piloto olavarriense Alejandro Weimann, luego de que el Azul Sport Team trabajara mucho para recuperar el auto del fuerte golpe de la carrera anterior. Si bien el puesto 23\u00ba parece lejano, hay una apretada clasificaci\u00f3n en la que \u201cBebo\u201d pudo quedar a 838 mil\u00e9simas de la punta, para largar en la sexta fila de la primera serie, que se pondr\u00e1 en marcha a las 9.05 del domingo. La final se correr\u00e1 desde las 12.05.<\/p>\n<p>&nbsp;<\/p>\n","protected":false},"excerpt":{"rendered":"<p>El olavarriense qued\u00f3 en el puesto 23\u00ba, a 838\/1000 de la punta. El equipo recuper\u00f3 el Torino del fuerte golpe<\/p>\n","protected":false},"author":96739694,"featured_media":142314,"comment_status":"closed","ping_status":"closed","sticky":false,"template":"","format":"standard","meta":{"_jetpack_memberships_contains_paid_content":false,"footnotes":""},"categories":[34,1,48],"tags":[],"class_list":["post-135131","post","type-post","status-publish","format-standard","has-post-thumbnail","hentry","category-automovilismo","category-portada","category-tc-pista"],"jetpack_featured_media_url":"https:\/\/i0.wp.com\/cdnoticias.com\/wp-content\/uploads\/2021\/06\/weimann-3.jpg?fit=1280%2C834&ssl=1","jetpack_sharing_enabled":true,"_links":{"self":[{"href":"https:\/\/cdnoticias.com\/index.php\/wp-json\/wp\/v2\/posts\/135131","targetHints":{"allow":["GET"]}}],"collection":[{"href":"https:\/\/cdnoticias.com\/index.php\/wp-json\/wp\/v2\/posts"}],"about":[{"href":"https:\/\/cdnoticias.com\/index.php\/wp-json\/wp\/v2\/types\/post"}],"author":[{"embeddable":true,"href":"https:\/\/cdnoticias.com\/index.php\/wp-json\/wp\/v2\/users\/96739694"}],"replies":[{"embeddable":true,"href":"https:\/\/cdnoticias.com\/index.php\/wp-json\/wp\/v2\/comments?post=135131"}],"version-history":[{"count":0,"href":"https:\/\/cdnoticias.com\/index.php\/wp-json\/wp\/v2\/posts\/135131\/revisions"}],"wp:featuredmedia":[{"embeddable":true,"href":"https:\/\/cdnoticias.com\/index.php\/wp-json\/wp\/v2\/media\/142314"}],"wp:attachment":[{"href":"https:\/\/cdnoticias.com\/index.php\/wp-json\/wp\/v2\/media?parent=135131"}],"wp:term":[{"taxonomy":"category","embeddable":true,"href":"https:\/\/cdnoticias.com\/index.php\/wp-json\/wp\/v2\/categories?post=135131"},{"taxonomy":"post_tag","embeddable":true,"href":"https:\/\/cdnoticias.com\/index.php\/wp-json\/wp\/v2\/tags?post=135131"}],"curies":[{"name":"wp","href":"https:\/\/api.w.org\/{rel}","templated":true}]}}