{"id":135111,"date":"2021-06-15T16:31:32","date_gmt":"2021-06-15T19:31:32","guid":{"rendered":"http:\/\/centraldeportes.com.ar\/?p=834"},"modified":"2025-01-23T22:11:15","modified_gmt":"2025-01-24T01:11:15","slug":"se-terminaron-las-vacaciones-y-lucas-janson-volvio-a-los-entrenamientos","status":"publish","type":"post","link":"https:\/\/cdnoticias.com\/index.php\/2021\/06\/15\/se-terminaron-las-vacaciones-y-lucas-janson-volvio-a-los-entrenamientos\/","title":{"rendered":"Se terminaron las vacaciones y Lucas Janson volvi\u00f3 a los entrenamientos"},"content":{"rendered":"<p>En la Villa Ol\u00edmpica, terminaron las vacaciones para el plantel profesional de V\u00e9lez Sarsfield que se realiz\u00f3 los testeos obligatorios para prevenir el Covid19 y empez\u00f3 con los entrenamientos. Lucas Janson dijo presente y en la entidad velezana oficializaron la compra de todo su pase.<!--more--><\/p>\n<hr \/>\n<p>Un total de 27 jugadores, entre los que se encontr\u00f3 el olavarriense, entrenaron bajo las \u00f3rdenes de Mauricio Pellegrino finalizados los 15 d\u00edas de vacaciones y con miras a la continuidad de la Copa Libertadores y el retorno de la \u00e9lite del f\u00fatbol argentino.<\/p>\n<p>&nbsp;<\/p>\n<p>El primer entrenamiento de la pretemporada de invierno const\u00f3 de trabajos de movilidad y coordinaci\u00f3n. Los\u00a0futbolistas se movieron a la par y de excelente forma.<\/p>\n<p>&nbsp;<\/p>\n<p><img data-recalc-dims=\"1\" loading=\"lazy\" decoding=\"async\" class=\"alignnone size-full wp-image-836\" src=\"https:\/\/i0.wp.com\/centraldeportes.com.ar\/wp-content\/uploads\/2021\/06\/E32OTwMWQAwzErB-1.jpg?resize=800%2C1000\" alt=\"\" width=\"800\" height=\"1000\" \/><\/p>\n<p>&nbsp;<\/p>\n<p>En cuanto a las tareas grupales, la jornada continu\u00f3 con un \u201cloco\u201d en 2 grupos de 12 jugadores. Luego, tuvo lugar un trabajo de posesi\u00f3n y m\u00e1s tarde un circuito aer\u00f3bico que incluy\u00f3 vuelta a la cancha con traslado de bal\u00f3n, y durante la carrera, distintas postas de orientaci\u00f3n, domino, control y definici\u00f3n. Fueron bloques de 10 minutos mientras otros dos grupos se enfrentaban en un t\u00e1ctico 9 vs 9.<\/p>\n<p>&nbsp;<\/p>\n<p>La pretemporada continuar\u00e1 tanto en Villa Ol\u00edmpica como en Parque Leilor, mientras que <strong>la dirigencia de la entidad de Liniers finalizar\u00e1 la compra del 100% del pase del futbolista olavarriense<\/strong> que lleg\u00f3 al \u201cFort\u00edn\u201d en 2019.<\/p>\n","protected":false},"excerpt":{"rendered":"<p>En la Villa Ol\u00edmpica, terminaron las vacaciones para el plantel profesional de V\u00e9lez Sarsfield que se realiz\u00f3 los testeos obligatorios<\/p>\n","protected":false},"author":96739694,"featured_media":142037,"comment_status":"closed","ping_status":"closed","sticky":false,"template":"","format":"standard","meta":{"_jetpack_memberships_contains_paid_content":false,"footnotes":""},"categories":[35,37,1],"tags":[],"class_list":["post-135111","post","type-post","status-publish","format-standard","has-post-thumbnail","hentry","category-futbol","category-futbol-profesional","category-portada"],"jetpack_featured_media_url":"https:\/\/i0.wp.com\/cdnoticias.com\/wp-content\/uploads\/2021\/05\/jansonjanson-velez.jpg?fit=730%2C410&ssl=1","jetpack_sharing_enabled":true,"_links":{"self":[{"href":"https:\/\/cdnoticias.com\/index.php\/wp-json\/wp\/v2\/posts\/135111","targetHints":{"allow":["GET"]}}],"collection":[{"href":"https:\/\/cdnoticias.com\/index.php\/wp-json\/wp\/v2\/posts"}],"about":[{"href":"https:\/\/cdnoticias.com\/index.php\/wp-json\/wp\/v2\/types\/post"}],"author":[{"embeddable":true,"href":"https:\/\/cdnoticias.com\/index.php\/wp-json\/wp\/v2\/users\/96739694"}],"replies":[{"embeddable":true,"href":"https:\/\/cdnoticias.com\/index.php\/wp-json\/wp\/v2\/comments?post=135111"}],"version-history":[{"count":0,"href":"https:\/\/cdnoticias.com\/index.php\/wp-json\/wp\/v2\/posts\/135111\/revisions"}],"wp:featuredmedia":[{"embeddable":true,"href":"https:\/\/cdnoticias.com\/index.php\/wp-json\/wp\/v2\/media\/142037"}],"wp:attachment":[{"href":"https:\/\/cdnoticias.com\/index.php\/wp-json\/wp\/v2\/media?parent=135111"}],"wp:term":[{"taxonomy":"category","embeddable":true,"href":"https:\/\/cdnoticias.com\/index.php\/wp-json\/wp\/v2\/categories?post=135111"},{"taxonomy":"post_tag","embeddable":true,"href":"https:\/\/cdnoticias.com\/index.php\/wp-json\/wp\/v2\/tags?post=135111"}],"curies":[{"name":"wp","href":"https:\/\/api.w.org\/{rel}","templated":true}]}}