{"id":135104,"date":"2021-06-13T16:42:11","date_gmt":"2021-06-13T19:42:11","guid":{"rendered":"http:\/\/centraldeportes.com.ar\/?p=805"},"modified":"2025-01-23T22:11:27","modified_gmt":"2025-01-24T01:11:27","slug":"mario-paterno-ya-no-es-el-vicepresidente-de-la-liga-de-futbol","status":"publish","type":"post","link":"https:\/\/cdnoticias.com\/index.php\/2021\/06\/13\/mario-paterno-ya-no-es-el-vicepresidente-de-la-liga-de-futbol\/","title":{"rendered":"Mario Patern\u00f3 ya no es el vicepresidente de la Liga de F\u00fatbol"},"content":{"rendered":"<p>&nbsp;<\/p>\n<p>D\u00edas atr\u00e1s se conoci\u00f3 que la Liga de F\u00fatbol de Olavarr\u00eda ya no cuenta con su vicepresidente que renunci\u00f3 aduciendo problemas personales.<\/p>\n<p><!--more--><\/p>\n<hr \/>\n<p>Mario Patern\u00f3 present\u00f3 la renuncia ante sus compa\u00f1eros y desde la entidad reguladora del f\u00fatbol local trabajan en conseguir un reemplazante.<\/p>\n<p>&nbsp;<\/p>\n<p>Adem\u00e1s, quien fue presidente, dej\u00f3 su lugar en el Consejo Federal.<\/p>\n","protected":false},"excerpt":{"rendered":"<p>&nbsp; D\u00edas atr\u00e1s se conoci\u00f3 que la Liga de F\u00fatbol de Olavarr\u00eda ya no cuenta con su vicepresidente que renunci\u00f3<\/p>\n","protected":false},"author":96739694,"featured_media":0,"comment_status":"closed","ping_status":"closed","sticky":false,"template":"","format":"standard","meta":{"_jetpack_memberships_contains_paid_content":false,"footnotes":""},"categories":[35,1],"tags":[],"class_list":["post-135104","post","type-post","status-publish","format-standard","hentry","category-futbol","category-portada"],"jetpack_featured_media_url":"","jetpack_sharing_enabled":true,"_links":{"self":[{"href":"https:\/\/cdnoticias.com\/index.php\/wp-json\/wp\/v2\/posts\/135104","targetHints":{"allow":["GET"]}}],"collection":[{"href":"https:\/\/cdnoticias.com\/index.php\/wp-json\/wp\/v2\/posts"}],"about":[{"href":"https:\/\/cdnoticias.com\/index.php\/wp-json\/wp\/v2\/types\/post"}],"author":[{"embeddable":true,"href":"https:\/\/cdnoticias.com\/index.php\/wp-json\/wp\/v2\/users\/96739694"}],"replies":[{"embeddable":true,"href":"https:\/\/cdnoticias.com\/index.php\/wp-json\/wp\/v2\/comments?post=135104"}],"version-history":[{"count":0,"href":"https:\/\/cdnoticias.com\/index.php\/wp-json\/wp\/v2\/posts\/135104\/revisions"}],"wp:attachment":[{"href":"https:\/\/cdnoticias.com\/index.php\/wp-json\/wp\/v2\/media?parent=135104"}],"wp:term":[{"taxonomy":"category","embeddable":true,"href":"https:\/\/cdnoticias.com\/index.php\/wp-json\/wp\/v2\/categories?post=135104"},{"taxonomy":"post_tag","embeddable":true,"href":"https:\/\/cdnoticias.com\/index.php\/wp-json\/wp\/v2\/tags?post=135104"}],"curies":[{"name":"wp","href":"https:\/\/api.w.org\/{rel}","templated":true}]}}