{"id":135103,"date":"2021-06-13T14:08:14","date_gmt":"2021-06-13T17:08:14","guid":{"rendered":"http:\/\/centraldeportes.com.ar\/?p=801"},"modified":"2025-01-23T22:11:27","modified_gmt":"2025-01-24T01:11:27","slug":"buena-actuacion-de-agustina-taratola-en-un-certamen-regional","status":"publish","type":"post","link":"https:\/\/cdnoticias.com\/index.php\/2021\/06\/13\/buena-actuacion-de-agustina-taratola-en-un-certamen-regional\/","title":{"rendered":"Buena actuaci\u00f3n de Agustina Tar\u00e1tola en un certamen regional"},"content":{"rendered":"<p>La tenista representante del Club Estudiantes compiti\u00f3 en la Sociedad Hebraica de Pilar y fue campeona en segunda chance. Adem\u00e1s Francisco Correa Igui\u00f1iz se presentar\u00e1 en un Torneo Nacional desde el pr\u00f3ximo lunes.<!--more--><\/p>\n<hr \/>\n<p>Agustina Tar\u00e1ntola sali\u00f3 campeona en segunda chance en el tercer certamen de Regi\u00f3n 8 de la Asociaci\u00f3n Argentina de Tenis realizado la semana pasada en el club Sociedad Hebraica de Pilar. La tenista de Estudiantes compiti\u00f3 en representaci\u00f3n de la Federaci\u00f3n de Buenos Aires en categor\u00eda Sub 12.<\/p>\n<p>&nbsp;<\/p>\n<p>En el cuadro principal perdi\u00f3 el primer partido 7-5 6-4\u00a0 contra Hern\u00e1ndez y en la segunda chance super\u00f3 en la final a Iara Pawelek Piscopo por 6-2 6-2 y se qued\u00f3 con la copa.<\/p>\n<p>&nbsp;<\/p>\n<p>Por otro lado, Francisco Correa Igui\u00f1iz ser\u00e1 uno de los 30 deportistas representantes de la Federaci\u00f3n de Clubes de Tenis del Centro en el tercer certamen de menores organizado por la Asociaci\u00f3n Argentina de Tenis y competir\u00e1 en la categor\u00eda Sub12.<\/p>\n","protected":false},"excerpt":{"rendered":"<p>La tenista representante del Club Estudiantes compiti\u00f3 en la Sociedad Hebraica de Pilar y fue campeona en segunda chance. Adem\u00e1s<\/p>\n","protected":false},"author":96739694,"featured_media":0,"comment_status":"closed","ping_status":"closed","sticky":false,"template":"","format":"standard","meta":{"_jetpack_memberships_contains_paid_content":false,"footnotes":""},"categories":[30,1],"tags":[],"class_list":["post-135103","post","type-post","status-publish","format-standard","hentry","category-polideportivo","category-portada"],"jetpack_featured_media_url":"","jetpack_sharing_enabled":true,"_links":{"self":[{"href":"https:\/\/cdnoticias.com\/index.php\/wp-json\/wp\/v2\/posts\/135103","targetHints":{"allow":["GET"]}}],"collection":[{"href":"https:\/\/cdnoticias.com\/index.php\/wp-json\/wp\/v2\/posts"}],"about":[{"href":"https:\/\/cdnoticias.com\/index.php\/wp-json\/wp\/v2\/types\/post"}],"author":[{"embeddable":true,"href":"https:\/\/cdnoticias.com\/index.php\/wp-json\/wp\/v2\/users\/96739694"}],"replies":[{"embeddable":true,"href":"https:\/\/cdnoticias.com\/index.php\/wp-json\/wp\/v2\/comments?post=135103"}],"version-history":[{"count":0,"href":"https:\/\/cdnoticias.com\/index.php\/wp-json\/wp\/v2\/posts\/135103\/revisions"}],"wp:attachment":[{"href":"https:\/\/cdnoticias.com\/index.php\/wp-json\/wp\/v2\/media?parent=135103"}],"wp:term":[{"taxonomy":"category","embeddable":true,"href":"https:\/\/cdnoticias.com\/index.php\/wp-json\/wp\/v2\/categories?post=135103"},{"taxonomy":"post_tag","embeddable":true,"href":"https:\/\/cdnoticias.com\/index.php\/wp-json\/wp\/v2\/tags?post=135103"}],"curies":[{"name":"wp","href":"https:\/\/api.w.org\/{rel}","templated":true}]}}