{"id":135102,"date":"2021-06-12T20:43:17","date_gmt":"2021-06-12T23:43:17","guid":{"rendered":"http:\/\/centraldeportes.com.ar\/?p=797"},"modified":"2025-01-23T22:11:28","modified_gmt":"2025-01-24T01:11:28","slug":"javier-frias-en-julio-podemos-volver-a-hacer-rodar-la-pelota","status":"publish","type":"post","link":"https:\/\/cdnoticias.com\/index.php\/2021\/06\/12\/javier-frias-en-julio-podemos-volver-a-hacer-rodar-la-pelota\/","title":{"rendered":"Javier Fr\u00edas: \u201cEn julio podemos volver a hacer rodar la pelota\u201d"},"content":{"rendered":"<p>Autoridades de la Liga de F\u00fatbol de Olavarr\u00eda y dirigentes de los diferentes clubes locales llevaron a cabo una conferencia de prensa donde se comunic\u00f3 la\u00a0 vuelta del f\u00fatbol de inferiores y Primera Divisi\u00f3n.<!--more--><\/p>\n<hr \/>\n<p>En las instalaciones del club Ferro Carril Sud y pasadas las 18 de este s\u00e1bado, el presidente de la Liga de F\u00fatbol manifest\u00f3 su felicidad porque \u201c<strong>en julio podemos volver a hacer rodar la pelota<\/strong>\u201d y confirm\u00f3 la reanudaci\u00f3n de la actividad competitiva el d\u00eda 3 de julio para las categor\u00edas formativas y el domingo 4 lo que concierne a Primera Divisi\u00f3n.<\/p>\n<p>&nbsp;<\/p>\n<p>Una de las novedades que se destac\u00f3 es que Olavarr\u00eda ser\u00e1 el primer municipio bonaerense en volver a la actividad en inferiores, contando con el apoyo del Municipio pero aseguraron que \u201c<em>ahora viene lo m\u00e1s dif\u00edcil que es cumplir con los protocolos porque en la primera parte del torneo tuvimos un relajamiento, tenemos que hacer un mea-culpa<\/em>\u201d.<\/p>\n<p>&nbsp;<\/p>\n<p>Entre las obligaciones en esta nueva chance de competir se inform\u00f3 que el F\u00fatbol Menor no jugar\u00e1 en continuado y que habr\u00e1 mucho desdoblamientos de fechas con la posibilidad de que las canchas cuenten con un m\u00e1ximo de 60 personas.<\/p>\n<p>&nbsp;<\/p>\n<p>\u201c<em>Nuestra intenci\u00f3n era que los chicos puedan volver a disputar la competencia\u00a0 y los padres acompa\u00f1en a sus hijos<\/em>\u201d afirm\u00f3 Carlos Veneciano, presidente del Club Social y Deportivo El Fort\u00edn,\u00a0 respecto a la vuelta del futbol de nuestra ciudad y aclar\u00f3 que su posici\u00f3n de que los partidos se disputen con p\u00fablico \u201c<em>no es una postura caprichosa, vivimos en una situaci\u00f3n agobiante por la pandemia y es un ingreso que nos sirve<\/em>\u201d.<\/p>\n<p>&nbsp;<\/p>\n<p><img data-recalc-dims=\"1\" loading=\"lazy\" decoding=\"async\" class=\"alignnone size-full wp-image-799\" src=\"https:\/\/i0.wp.com\/centraldeportes.com.ar\/wp-content\/uploads\/2021\/06\/WhatsApp-Image-2021-06-12-at-20.40.42-1.jpeg?resize=800%2C533\" alt=\"\" width=\"800\" height=\"533\" \/><\/p>\n<p>&nbsp;<\/p>\n<p>Por \u00faltimo, Javier Fr\u00edas anunci\u00f3 que se reunir\u00e1 con las autoridades de la Comisar\u00eda Primera y Segunda y que har\u00e1 lo propio con la Aprevide para intentar lograr la posibilidad de la habilitaci\u00f3n de que dos partidos se jueguen en un mismo escenario y analizar la posibilidad del ingreso de un reducido grupo de espectadores.<\/p>\n","protected":false},"excerpt":{"rendered":"<p>Autoridades de la Liga de F\u00fatbol de Olavarr\u00eda y dirigentes de los diferentes clubes locales llevaron a cabo una conferencia<\/p>\n","protected":false},"author":96739694,"featured_media":0,"comment_status":"closed","ping_status":"closed","sticky":false,"template":"","format":"standard","meta":{"_jetpack_memberships_contains_paid_content":false,"footnotes":""},"categories":[35,40,1,41],"tags":[],"class_list":["post-135102","post","type-post","status-publish","format-standard","hentry","category-futbol","category-inferiores","category-portada","category-primera-y-reserva"],"jetpack_featured_media_url":"","jetpack_sharing_enabled":true,"_links":{"self":[{"href":"https:\/\/cdnoticias.com\/index.php\/wp-json\/wp\/v2\/posts\/135102","targetHints":{"allow":["GET"]}}],"collection":[{"href":"https:\/\/cdnoticias.com\/index.php\/wp-json\/wp\/v2\/posts"}],"about":[{"href":"https:\/\/cdnoticias.com\/index.php\/wp-json\/wp\/v2\/types\/post"}],"author":[{"embeddable":true,"href":"https:\/\/cdnoticias.com\/index.php\/wp-json\/wp\/v2\/users\/96739694"}],"replies":[{"embeddable":true,"href":"https:\/\/cdnoticias.com\/index.php\/wp-json\/wp\/v2\/comments?post=135102"}],"version-history":[{"count":0,"href":"https:\/\/cdnoticias.com\/index.php\/wp-json\/wp\/v2\/posts\/135102\/revisions"}],"wp:attachment":[{"href":"https:\/\/cdnoticias.com\/index.php\/wp-json\/wp\/v2\/media?parent=135102"}],"wp:term":[{"taxonomy":"category","embeddable":true,"href":"https:\/\/cdnoticias.com\/index.php\/wp-json\/wp\/v2\/categories?post=135102"},{"taxonomy":"post_tag","embeddable":true,"href":"https:\/\/cdnoticias.com\/index.php\/wp-json\/wp\/v2\/tags?post=135102"}],"curies":[{"name":"wp","href":"https:\/\/api.w.org\/{rel}","templated":true}]}}