{"id":135097,"date":"2021-06-11T12:46:31","date_gmt":"2021-06-11T15:46:31","guid":{"rendered":"http:\/\/centraldeportes.com.ar\/?p=772"},"modified":"2025-01-23T22:11:31","modified_gmt":"2025-01-24T01:11:31","slug":"johu-castillo-entreno-con-la-seleccion-de-ecuador-y-viajo-al-preclasificatorio-mundial","status":"publish","type":"post","link":"https:\/\/cdnoticias.com\/index.php\/2021\/06\/11\/johu-castillo-entreno-con-la-seleccion-de-ecuador-y-viajo-al-preclasificatorio-mundial\/","title":{"rendered":"Johu Castillo con la Ecuador viaj\u00f3 al preclasificatorio Mundial"},"content":{"rendered":"<p>El jugador ecuatoriano que integra el plantel de Estudiantes comenz\u00f3 con los entrenamientos en su pa\u00eds para las venideras Ventanas FIBA que otorgar\u00e1n una plaza en las eliminatorias para el Mundial 2023.<!--more--><\/p>\n<hr \/>\n<p>Johu Castillo arrib\u00f3 a Ecuador y d\u00edas atr\u00e1s comenz\u00f3 con los entrenamientos con su selecci\u00f3n en la previa de enfrentar a Bolivia en partidos de ida y vuelta.<\/p>\n<p>&nbsp;<\/p>\n<p>La Selecci\u00f3n de Ecuador se prepara para enfrentar a Bolivia el 12 de junio venidero en Tarija y el 16 de junio en Guayaquil en el Preclasificatorio rumbo al Mundial 2023 y el jugador Bataraz se sum\u00f3 a los entrenamientos.<\/p>\n<p>&nbsp;<\/p>\n<p><img data-recalc-dims=\"1\" loading=\"lazy\" decoding=\"async\" class=\"alignnone size-full wp-image-774\" src=\"https:\/\/i0.wp.com\/centraldeportes.com.ar\/wp-content\/uploads\/2021\/06\/E3ZeCidWYAIL84F.jpg?resize=800%2C519\" alt=\"\" width=\"800\" height=\"519\" \/><\/p>\n<p>&nbsp;<\/p>\n<p>Adem\u00e1s del interno del equipo de Olavarr\u00eda, se sum\u00f3 Bryan Caribal\u00ed el jugador de Quimsa que fue compa\u00f1ero de Alejandro Diez en la pasada temporada.<\/p>\n<p>&nbsp;<\/p>\n<p>Los entrenados por John Escalante partieron a Bolivia el pasado jueves.<\/p>\n","protected":false},"excerpt":{"rendered":"<p>El jugador ecuatoriano que integra el plantel de Estudiantes comenz\u00f3 con los entrenamientos en su pa\u00eds para las venideras Ventanas<\/p>\n","protected":false},"author":96739694,"featured_media":0,"comment_status":"closed","ping_status":"closed","sticky":false,"template":"","format":"standard","meta":{"_jetpack_memberships_contains_paid_content":false,"footnotes":""},"categories":[31,1],"tags":[],"class_list":["post-135097","post","type-post","status-publish","format-standard","hentry","category-basquet","category-portada"],"jetpack_featured_media_url":"","jetpack_sharing_enabled":true,"_links":{"self":[{"href":"https:\/\/cdnoticias.com\/index.php\/wp-json\/wp\/v2\/posts\/135097","targetHints":{"allow":["GET"]}}],"collection":[{"href":"https:\/\/cdnoticias.com\/index.php\/wp-json\/wp\/v2\/posts"}],"about":[{"href":"https:\/\/cdnoticias.com\/index.php\/wp-json\/wp\/v2\/types\/post"}],"author":[{"embeddable":true,"href":"https:\/\/cdnoticias.com\/index.php\/wp-json\/wp\/v2\/users\/96739694"}],"replies":[{"embeddable":true,"href":"https:\/\/cdnoticias.com\/index.php\/wp-json\/wp\/v2\/comments?post=135097"}],"version-history":[{"count":0,"href":"https:\/\/cdnoticias.com\/index.php\/wp-json\/wp\/v2\/posts\/135097\/revisions"}],"wp:attachment":[{"href":"https:\/\/cdnoticias.com\/index.php\/wp-json\/wp\/v2\/media?parent=135097"}],"wp:term":[{"taxonomy":"category","embeddable":true,"href":"https:\/\/cdnoticias.com\/index.php\/wp-json\/wp\/v2\/categories?post=135097"},{"taxonomy":"post_tag","embeddable":true,"href":"https:\/\/cdnoticias.com\/index.php\/wp-json\/wp\/v2\/tags?post=135097"}],"curies":[{"name":"wp","href":"https:\/\/api.w.org\/{rel}","templated":true}]}}