{"id":135092,"date":"2021-06-09T14:57:41","date_gmt":"2021-06-09T17:57:41","guid":{"rendered":"http:\/\/centraldeportes.com.ar\/?p=734"},"modified":"2025-01-23T22:11:45","modified_gmt":"2025-01-24T01:11:45","slug":"el-autodromo-podra-tener-pruebas-solo-para-pilotos-locales","status":"publish","type":"post","link":"https:\/\/cdnoticias.com\/index.php\/2021\/06\/09\/el-autodromo-podra-tener-pruebas-solo-para-pilotos-locales\/","title":{"rendered":"El aut\u00f3dromo podr\u00e1 tener pruebas s\u00f3lo para pilotos locales"},"content":{"rendered":"<p>El pase a Fase 4 habilita el regreso de la actividad en el Aut\u00f3dromo \u201cHermanos Emiliozzi\u201d, aunque por el momento s\u00f3lo ser\u00e1n pruebas para los pilotos locales. &#8220;Por ahora no podr\u00e1n venir pilotos de afuera&#8221;, as\u00ed se lo confirm\u00f3 el Intendente Ezequiel Galli a Central de Deportes.<!--more--><\/p>\n<hr \/>\n<p>&nbsp;<\/p>\n<p>La actividad deportiva automovil\u00edstica est\u00e1 pausada desde los \u00faltimos d\u00edas de marzo, tras la presencia del Turismo Pista en el aut\u00f3dromo &#8220;Hermanos Emiliozzi&#8221;, y desde este jueves quedar\u00e1 habilitada nuevamente la pista para pruebas. Las mismas se desarrollar\u00e1n de lunes a viernes.<\/p>\n<p>&nbsp;<\/p>\n<p>As\u00ed lo posibilit\u00f3 el pase a Fase 4 anunciado por el Intendente Ezequiel Galli en <a href=\"http:\/\/centraldeportes.com.ar\/la-fase-4-restrictiva-y-su-impacto-en-el-deporte-local\/\">conferencia de prensa<\/a>, qui\u00e9n en di\u00e1logo con este medio asegur\u00f3 que &#8220;<strong>hasta el momento es s\u00f3lo para los locales, esperaremos que la situaci\u00f3n sanitaria de otras ciudades mejore para habilitar a los de afuera<\/strong>&#8220;, por lo que la actividad quedar\u00e1 en sinton\u00eda con el resto de las disciplinas deportivas habilitadas para la ciudad.<\/p>\n<p>&nbsp;<\/p>\n<p><img data-recalc-dims=\"1\" loading=\"lazy\" decoding=\"async\" class=\"alignnone size-full wp-image-735\" src=\"https:\/\/i0.wp.com\/centraldeportes.com.ar\/wp-content\/uploads\/2021\/06\/Cultura-Muestra-Emiliozzi-1024x682.jpg?resize=800%2C533\" alt=\"\" width=\"800\" height=\"533\" \/><\/p>\n<p>&nbsp;<\/p>\n<p>El presidente del AMCO, Juan Traversa, indic\u00f3 que &#8220;<em>seguimos trabajando en conjunto con el Municipio la posibilidad de realizar competencias<\/em>&#8220;, pero esto tambi\u00e9n est\u00e1 supeditado a la evoluci\u00f3n de la situaci\u00f3n sanitaria de la regi\u00f3n.<\/p>\n<p>&nbsp;<\/p>\n<p>En cuanto al Karting, tambi\u00e9n se habilitar\u00e1 el kart\u00f3dromo para los locales.<\/p>\n","protected":false},"excerpt":{"rendered":"<p>El pase a Fase 4 habilita el regreso de la actividad en el Aut\u00f3dromo \u201cHermanos Emiliozzi\u201d, aunque por el momento<\/p>\n","protected":false},"author":96739694,"featured_media":142155,"comment_status":"closed","ping_status":"closed","sticky":false,"template":"","format":"standard","meta":{"_jetpack_memberships_contains_paid_content":false,"footnotes":""},"categories":[34,1],"tags":[],"class_list":["post-135092","post","type-post","status-publish","format-standard","has-post-thumbnail","hentry","category-automovilismo","category-portada"],"jetpack_featured_media_url":"https:\/\/i0.wp.com\/cdnoticias.com\/wp-content\/uploads\/2021\/06\/WhatsApp-Image-2021-06-09-at-14.57.04.jpeg?fit=800%2C445&ssl=1","jetpack_sharing_enabled":true,"_links":{"self":[{"href":"https:\/\/cdnoticias.com\/index.php\/wp-json\/wp\/v2\/posts\/135092","targetHints":{"allow":["GET"]}}],"collection":[{"href":"https:\/\/cdnoticias.com\/index.php\/wp-json\/wp\/v2\/posts"}],"about":[{"href":"https:\/\/cdnoticias.com\/index.php\/wp-json\/wp\/v2\/types\/post"}],"author":[{"embeddable":true,"href":"https:\/\/cdnoticias.com\/index.php\/wp-json\/wp\/v2\/users\/96739694"}],"replies":[{"embeddable":true,"href":"https:\/\/cdnoticias.com\/index.php\/wp-json\/wp\/v2\/comments?post=135092"}],"version-history":[{"count":0,"href":"https:\/\/cdnoticias.com\/index.php\/wp-json\/wp\/v2\/posts\/135092\/revisions"}],"wp:featuredmedia":[{"embeddable":true,"href":"https:\/\/cdnoticias.com\/index.php\/wp-json\/wp\/v2\/media\/142155"}],"wp:attachment":[{"href":"https:\/\/cdnoticias.com\/index.php\/wp-json\/wp\/v2\/media?parent=135092"}],"wp:term":[{"taxonomy":"category","embeddable":true,"href":"https:\/\/cdnoticias.com\/index.php\/wp-json\/wp\/v2\/categories?post=135092"},{"taxonomy":"post_tag","embeddable":true,"href":"https:\/\/cdnoticias.com\/index.php\/wp-json\/wp\/v2\/tags?post=135092"}],"curies":[{"name":"wp","href":"https:\/\/api.w.org\/{rel}","templated":true}]}}