{"id":135090,"date":"2021-06-08T20:08:42","date_gmt":"2021-06-08T23:08:42","guid":{"rendered":"http:\/\/centraldeportes.com.ar\/?p=725"},"modified":"2025-01-23T22:11:51","modified_gmt":"2025-01-24T01:11:51","slug":"la-fase-4-restrictiva-y-su-impacto-en-el-deporte-local","status":"publish","type":"post","link":"https:\/\/cdnoticias.com\/index.php\/2021\/06\/08\/la-fase-4-restrictiva-y-su-impacto-en-el-deporte-local\/","title":{"rendered":"La Fase 4 \u201crestrictiva\u201d y su impacto en el deporte local"},"content":{"rendered":"<p>El jefe comunal y el secretario de Salud Germ\u00e1n Caputo explicaron c\u00f3mo funcionar\u00e1 la ciudad en esta Fase 4 con restricciones. Las reuniones sociales contin\u00faan prohibidas aunque hay varias habilitaciones entre las que se destacan las actividades deportivas.<!--more--><\/p>\n<hr \/>\n<p>En una conferencia de prensa en la tarde de este martes, el intendente Galli junto al secretario de Salud, Germ\u00e1n Caputo, explicaron las razones por las cuales Olavarr\u00eda se encuentra en una Fase 4 con algunas restricciones tras haberlo consensuado con el Jefe de Gabinete bonaerense, Carlos Bianco.<\/p>\n<p>&nbsp;<\/p>\n<p><em>\u201cCreemos que lo m\u00e1s importante de las actividades que se habilitan es continuar con las que tienen impacto econ\u00f3mico y dejar de lado actividades que no tienen impacto en el bolsillo de los olavarrienses\u201d, <\/em>sostuvo Galli antes de hacer los anuncios de las actividades que siguen prohibidas, las que tienen restricciones y las habilitadas.<\/p>\n<p>&nbsp;<\/p>\n<p>En materia deportiva,<strong> las actividades y competencias deportivas seguir\u00e1n sin p\u00fablico y sin participaci\u00f3n de deportistas de otras ciudades<\/strong>, mientras que se podr\u00e1 realizar la pr\u00e1ctica de deportes hasta 10 personas en espacios cerrados. Los natatorios en espacios cerrados podr\u00e1n reabrir sus puertas.<\/p>\n<p>&nbsp;<\/p>\n<p>Tambi\u00e9n se aclar\u00f3 que <strong>podr\u00e1n regresar las pr\u00e1cticas deportivas de m\u00e1s de 10 personas al aire libre y con amplia ventilaci\u00f3n natural<\/strong>, por lo que gran parte de las actividades deportivas podr\u00edan regresar con horario l\u00edmite de las 22:00.<\/p>\n<p>&nbsp;<\/p>\n<p>En lo que respecta al f\u00fatbol mismo, este avance de Fase 4 implica cumplir con el requisito de la Aprevide por lo que los dirigentes de los clubes olavarrienses afiliados a la Liga de F\u00fatbol de Olavarr\u00eda se reunir\u00e1n en la tarde del mi\u00e9rcoles para definir los pasos a seguir.<\/p>\n","protected":false},"excerpt":{"rendered":"<p>El jefe comunal y el secretario de Salud Germ\u00e1n Caputo explicaron c\u00f3mo funcionar\u00e1 la ciudad en esta Fase 4 con<\/p>\n","protected":false},"author":96739694,"featured_media":142160,"comment_status":"closed","ping_status":"closed","sticky":false,"template":"","format":"standard","meta":{"_jetpack_memberships_contains_paid_content":false,"footnotes":""},"categories":[30,1],"tags":[],"class_list":["post-135090","post","type-post","status-publish","format-standard","has-post-thumbnail","hentry","category-polideportivo","category-portada"],"jetpack_featured_media_url":"https:\/\/i0.wp.com\/cdnoticias.com\/wp-content\/uploads\/2021\/06\/WhatsApp-Image-2021-06-08-at-19.38.50.jpeg?fit=1280%2C853&ssl=1","jetpack_sharing_enabled":true,"_links":{"self":[{"href":"https:\/\/cdnoticias.com\/index.php\/wp-json\/wp\/v2\/posts\/135090","targetHints":{"allow":["GET"]}}],"collection":[{"href":"https:\/\/cdnoticias.com\/index.php\/wp-json\/wp\/v2\/posts"}],"about":[{"href":"https:\/\/cdnoticias.com\/index.php\/wp-json\/wp\/v2\/types\/post"}],"author":[{"embeddable":true,"href":"https:\/\/cdnoticias.com\/index.php\/wp-json\/wp\/v2\/users\/96739694"}],"replies":[{"embeddable":true,"href":"https:\/\/cdnoticias.com\/index.php\/wp-json\/wp\/v2\/comments?post=135090"}],"version-history":[{"count":0,"href":"https:\/\/cdnoticias.com\/index.php\/wp-json\/wp\/v2\/posts\/135090\/revisions"}],"wp:featuredmedia":[{"embeddable":true,"href":"https:\/\/cdnoticias.com\/index.php\/wp-json\/wp\/v2\/media\/142160"}],"wp:attachment":[{"href":"https:\/\/cdnoticias.com\/index.php\/wp-json\/wp\/v2\/media?parent=135090"}],"wp:term":[{"taxonomy":"category","embeddable":true,"href":"https:\/\/cdnoticias.com\/index.php\/wp-json\/wp\/v2\/categories?post=135090"},{"taxonomy":"post_tag","embeddable":true,"href":"https:\/\/cdnoticias.com\/index.php\/wp-json\/wp\/v2\/tags?post=135090"}],"curies":[{"name":"wp","href":"https:\/\/api.w.org\/{rel}","templated":true}]}}