{"id":135074,"date":"2021-06-03T17:51:16","date_gmt":"2021-06-03T20:51:16","guid":{"rendered":"http:\/\/centraldeportes.com.ar\/?p=637"},"modified":"2025-01-23T22:03:53","modified_gmt":"2025-01-24T01:03:53","slug":"tc-pick-up-hubo-clasificacion-en-la-plata-para-nicolas-pezzucchi","status":"publish","type":"post","link":"https:\/\/cdnoticias.com\/index.php\/2021\/06\/03\/tc-pick-up-hubo-clasificacion-en-la-plata-para-nicolas-pezzucchi\/","title":{"rendered":"TC Pick Up: hubo clasificaci\u00f3n en La Plata para Nicol\u00e1s Pezzucchi\u00a0"},"content":{"rendered":"<p>Jornada at\u00edpica para las categor\u00edas de la ACTC que disputaron este jueves la jornada clasificatoria de una nueva fecha de las TC Pick Up. Nicol\u00e1s Pezzucchi fue noveno.<!--more--><\/p>\n<hr \/>\n<p>Para respetar las medidas sanitarias vigentes, las categor\u00edas de la ACTC adelantaron el calendario y mientras este jueves corrieron las clasificaciones, el viernes ser\u00e1 el turno de las finales en el \u201cRoberto Mouras\u201d de La Plata. Andr\u00e9s Jakos se qued\u00f3 con la pole, mientras que el olavarriense, Nicol\u00e1s Pezzucchi, se ubic\u00f3 en el noveno lugar.<\/p>\n<p>&nbsp;<\/p>\n<p>La tercera fecha tuvo como dominador de la \u201cclasifica\u201d a Andr\u00e9s Jakos; se adjudic\u00f3 el mejor lugar de partida para la final que se disputar\u00e1 desde las 15.20 de este viernes. Compartir\u00e1 la primera fila con su escolta en la clasifica, Gast\u00f3n Rossi.<\/p>\n<p>&nbsp;<\/p>\n<p>En la quinta fila largar\u00e1 Nicol\u00e1s Pezzucchi que finaliz\u00f3 noveno en la clasificaci\u00f3n y compartir\u00e1 la grilla con Franco De Benedictis.<\/p>\n<p>&nbsp;<\/p>\n<p>La final se podr\u00e1 ver por la se\u00f1al\u00a0 de DeporTV y se disputar\u00e1 sobre 15 vueltas o 30 minutos.<\/p>\n","protected":false},"excerpt":{"rendered":"<p>Jornada at\u00edpica para las categor\u00edas de la ACTC que disputaron este jueves la jornada clasificatoria de una nueva fecha de<\/p>\n","protected":false},"author":96739694,"featured_media":142199,"comment_status":"closed","ping_status":"closed","sticky":false,"template":"","format":"standard","meta":{"_jetpack_memberships_contains_paid_content":false,"footnotes":""},"categories":[34,1,39],"tags":[],"class_list":["post-135074","post","type-post","status-publish","format-standard","has-post-thumbnail","hentry","category-automovilismo","category-portada","category-tc-pick-up"],"jetpack_featured_media_url":"https:\/\/i0.wp.com\/cdnoticias.com\/wp-content\/uploads\/2021\/06\/WhatsApp-Image-2021-06-03-at-16.56.57.jpeg?fit=800%2C450&ssl=1","jetpack_sharing_enabled":true,"_links":{"self":[{"href":"https:\/\/cdnoticias.com\/index.php\/wp-json\/wp\/v2\/posts\/135074","targetHints":{"allow":["GET"]}}],"collection":[{"href":"https:\/\/cdnoticias.com\/index.php\/wp-json\/wp\/v2\/posts"}],"about":[{"href":"https:\/\/cdnoticias.com\/index.php\/wp-json\/wp\/v2\/types\/post"}],"author":[{"embeddable":true,"href":"https:\/\/cdnoticias.com\/index.php\/wp-json\/wp\/v2\/users\/96739694"}],"replies":[{"embeddable":true,"href":"https:\/\/cdnoticias.com\/index.php\/wp-json\/wp\/v2\/comments?post=135074"}],"version-history":[{"count":0,"href":"https:\/\/cdnoticias.com\/index.php\/wp-json\/wp\/v2\/posts\/135074\/revisions"}],"wp:featuredmedia":[{"embeddable":true,"href":"https:\/\/cdnoticias.com\/index.php\/wp-json\/wp\/v2\/media\/142199"}],"wp:attachment":[{"href":"https:\/\/cdnoticias.com\/index.php\/wp-json\/wp\/v2\/media?parent=135074"}],"wp:term":[{"taxonomy":"category","embeddable":true,"href":"https:\/\/cdnoticias.com\/index.php\/wp-json\/wp\/v2\/categories?post=135074"},{"taxonomy":"post_tag","embeddable":true,"href":"https:\/\/cdnoticias.com\/index.php\/wp-json\/wp\/v2\/tags?post=135074"}],"curies":[{"name":"wp","href":"https:\/\/api.w.org\/{rel}","templated":true}]}}