{"id":135062,"date":"2021-05-30T18:35:26","date_gmt":"2021-05-30T21:35:26","guid":{"rendered":"http:\/\/centraldeportes.com.ar\/?p=587"},"modified":"2025-01-23T22:04:21","modified_gmt":"2025-01-24T01:04:21","slug":"alejandro-diez-sigo-disfrutando-adentro-de-la-cancha-y-volvi-a-tener-protagonismo","status":"publish","type":"post","link":"https:\/\/cdnoticias.com\/index.php\/2021\/05\/30\/alejandro-diez-sigo-disfrutando-adentro-de-la-cancha-y-volvi-a-tener-protagonismo\/","title":{"rendered":"Alejandro Diez: \u201cSigo disfrutando adentro de la cancha y volv\u00ed a tener protagonismo\u201d"},"content":{"rendered":"<p>Un balance de los \u00faltimos a\u00f1os junto a Alejandro Diez. La pandemia, sus \u00faltimos clubes y la reconstrucci\u00f3n en su juego para integrar uno de los mejores equipos de la Liga Nacional.<!--more--><\/p>\n<hr \/>\n<p>Aprovechando su estad\u00eda en Olavarr\u00eda y en pleno receso de las competencias, el basquetbolista olavarriense dialog\u00f3 con Central de Deportes donde destac\u00f3 la importancia de tener un buen f\u00edsico en el b\u00e1squet moderno, su necesidad de protagonismo y sus contagios de Covid19.<\/p>\n<p>&nbsp;<\/p>\n<p>Platense antes de la pandemia, una excursi\u00f3n en Plateros de M\u00e9xico y unos destacad\u00edsimos \u00faltimos meses en Quimsa son el registro inmediato de Alejandro Diez: \u201c<em>Platense me sirvi\u00f3 para resurgir, quer\u00eda tener una temporada con m\u00e1s protagonismo y lo logr\u00e9<\/em>\u201d.<\/p>\n<p>&nbsp;<\/p>\n<p>&nbsp;<\/p>\n<p><img data-recalc-dims=\"1\" loading=\"lazy\" decoding=\"async\" class=\"alignnone size-full wp-image-590\" src=\"https:\/\/i0.wp.com\/centraldeportes.com.ar\/wp-content\/uploads\/2021\/05\/ale-diez-1.jpg?resize=800%2C493\" alt=\"\" width=\"800\" height=\"493\" \/><\/p>\n<p>&nbsp;<\/p>\n<p>\u201c<em>Despu\u00e9s fui a jugar a M\u00e9xico en una Liga muy fuerte con 3 meses muy buenos en lo deportivo y cuando volv\u00ed me sali\u00f3 la posibilidad de Quimsa que no lo dud\u00e9 porque hace a\u00f1os arma equipos para competirle a San Lorenzo<\/em>\u201d, cont\u00f3 Diez.<\/p>\n<p>&nbsp;<\/p>\n<p>El ala-pivot de 2.01 que debut\u00f3 en Estudiantes y vivi\u00f3 a\u00f1os de gloria en Pe\u00f1arol, en esta temporada 20\/21 volvi\u00f3 a disputar finales y competencias internacionales con la Fusi\u00f3n: \u201c<em>Sab\u00eda que era una oportunidad \u00fanica, ten\u00edan la Intercontinental y ese torneo lo disfrut\u00e9 much\u00edsimo<\/em>\u201d.<\/p>\n<p>&nbsp;<\/p>\n<p><img data-recalc-dims=\"1\" loading=\"lazy\" decoding=\"async\" class=\"alignnone size-full wp-image-237\" src=\"https:\/\/i0.wp.com\/centraldeportes.com.ar\/wp-content\/uploads\/2021\/05\/WhatsApp-Image-2021-05-13-at-18.54.37.jpeg?resize=800%2C592\" alt=\"\" width=\"800\" height=\"592\" \/><\/p>\n<p>&nbsp;<\/p>\n<p>Pero adem\u00e1s jug\u00f3 el S\u00faper8 de la Champions League Am\u00e9ricas, el S\u00faper20 de la Liga Nacional y la definici\u00f3n de la Copa Osvaldo Arduh: \u201c<em>Los objetivos siempre fueron altos y volv\u00ed a sentir todo lo que hab\u00eda vivido en Pe\u00f1arol, me puso muy contento<\/em>\u201d.<\/p>\n<p>&nbsp;<\/p>\n<p>\u201c<em>En lo personal fue una temporada hermosa pero at\u00edpica, sigo disfrutando adentro de la cancha y volv\u00ed a tener protagonismo. Adem\u00e1s fue importante que haya podido empezar La Liga y tambi\u00e9n terminar<\/em>\u201d, destac\u00f3 Ale que finaliz\u00f3 su temporada 18\u00b0 en la \u00e9lite del b\u00e1squet argentino.<\/p>\n<p>&nbsp;<\/p>\n<p>Pero en la temporada donde los clubes hicieron un gran esfuerzo para jugar y un virus rondando, el olavarriense no estuvo exento y se contagi\u00f3 en dos oportunidades: \u201c<em>En M\u00e9xico fue un contagio grupal, nos enfermamos 18 de los 23 y ah\u00ed tuve s\u00edntomas no fueron buenos d\u00edas, perd\u00ed el olfato varios d\u00edas y los primeros d\u00edas de enero me volv\u00ed a contagiar en Santiago del Estero, pero no tuve ning\u00fan s\u00edntoma<\/em>\u201d.<\/p>\n<p>&nbsp;<\/p>\n<p>A la espera de novedades sobre su futuro, el jugador se ilusiona con m\u00e1s temporadas en La Liga \u201c<em>porque en los \u00faltimos a\u00f1os le agregu\u00e9 cosas a mi juego, baj\u00e9 de peso, estoy bien f\u00edsicamente e intentar\u00e9 seguir con el envi\u00f3n<\/em>\u201d.<\/p>\n","protected":false},"excerpt":{"rendered":"<p>Un balance de los \u00faltimos a\u00f1os junto a Alejandro Diez. La pandemia, sus \u00faltimos clubes y la reconstrucci\u00f3n en su<\/p>\n","protected":false},"author":96739694,"featured_media":141973,"comment_status":"closed","ping_status":"closed","sticky":false,"template":"","format":"standard","meta":{"_jetpack_memberships_contains_paid_content":false,"footnotes":""},"categories":[31,36,1],"tags":[],"class_list":["post-135062","post","type-post","status-publish","format-standard","has-post-thumbnail","hentry","category-basquet","category-liga-nacional","category-portada"],"jetpack_featured_media_url":"https:\/\/i0.wp.com\/cdnoticias.com\/wp-content\/uploads\/2021\/05\/137226492_4169132013101690_2802111506715215285_n-e1622410367907.jpg?fit=612%2C508&ssl=1","jetpack_sharing_enabled":true,"_links":{"self":[{"href":"https:\/\/cdnoticias.com\/index.php\/wp-json\/wp\/v2\/posts\/135062","targetHints":{"allow":["GET"]}}],"collection":[{"href":"https:\/\/cdnoticias.com\/index.php\/wp-json\/wp\/v2\/posts"}],"about":[{"href":"https:\/\/cdnoticias.com\/index.php\/wp-json\/wp\/v2\/types\/post"}],"author":[{"embeddable":true,"href":"https:\/\/cdnoticias.com\/index.php\/wp-json\/wp\/v2\/users\/96739694"}],"replies":[{"embeddable":true,"href":"https:\/\/cdnoticias.com\/index.php\/wp-json\/wp\/v2\/comments?post=135062"}],"version-history":[{"count":0,"href":"https:\/\/cdnoticias.com\/index.php\/wp-json\/wp\/v2\/posts\/135062\/revisions"}],"wp:featuredmedia":[{"embeddable":true,"href":"https:\/\/cdnoticias.com\/index.php\/wp-json\/wp\/v2\/media\/141973"}],"wp:attachment":[{"href":"https:\/\/cdnoticias.com\/index.php\/wp-json\/wp\/v2\/media?parent=135062"}],"wp:term":[{"taxonomy":"category","embeddable":true,"href":"https:\/\/cdnoticias.com\/index.php\/wp-json\/wp\/v2\/categories?post=135062"},{"taxonomy":"post_tag","embeddable":true,"href":"https:\/\/cdnoticias.com\/index.php\/wp-json\/wp\/v2\/tags?post=135062"}],"curies":[{"name":"wp","href":"https:\/\/api.w.org\/{rel}","templated":true}]}}