{"id":135053,"date":"2021-05-25T16:52:14","date_gmt":"2021-05-25T19:52:14","guid":{"rendered":"http:\/\/centraldeportes.com.ar\/?p=546"},"modified":"2025-01-23T22:04:50","modified_gmt":"2025-01-24T01:04:50","slug":"pedro-de-la-vega-jugara-los-juegos-olimpicos-de-tokio","status":"publish","type":"post","link":"https:\/\/cdnoticias.com\/index.php\/2021\/05\/25\/pedro-de-la-vega-jugara-los-juegos-olimpicos-de-tokio\/","title":{"rendered":"\u00bfPedro De la Vega jugar\u00e1 los Juegos Ol\u00edmpicos de Tokio?"},"content":{"rendered":"<p>&nbsp;<\/p>\n<p style=\"text-align: justify;\">El futbolista de Olavarr\u00eda fue incluido en la lista de jugadores Sub23 de la Selecci\u00f3n Argentina que jugar\u00e1 amistosos en la previa de los Juegos Ol\u00edmpicos de Tokio.<!--more--><\/p>\n<hr \/>\n<p style=\"text-align: justify;\">Pedro De la Vega fue incluido en la lista para los amistosos de Marbella ante Dinamarca y Arabia Saudita.<\/p>\n<p>&nbsp;<\/p>\n<p style=\"text-align: justify;\">Fernando Batista incluy\u00f3 al jugador de Lan\u00fas en la lista de futbolistas menores de 23 a\u00f1os que jugar\u00e1n amistosos en la previa de los Juegos Ol\u00edmpicos de Tokio que comenzar\u00e1n el venidero 22 de julio.<\/p>\n<p>&nbsp;<\/p>\n<p style=\"text-align: justify;\">Pensando en la cita ol\u00edmpica donde deber\u00e1 enfrentar a Egipto, Espa\u00f1a y Australia, la Selecci\u00f3n Argentina jugar\u00e1 dos partidos amistosos, primero con Dinamarca el pr\u00f3ximo 8 de junio y luego ante Arabia Saudita el jueves 11 en Espa\u00f1a.<\/p>\n<p>&nbsp;<\/p>\n<p style=\"text-align: justify;\">La lista de convocados para mencionados partidos est\u00e1 integrado por: Jerem\u00edas Ledesma (C\u00e1diz), Lautaro Morales (Lan\u00fas), Joaqu\u00edn Bl\u00e1zquez (Talleres), Hern\u00e1n De La Fuenta (V\u00e9lez), Marcelo Herrera (San Lorenzo), Nehu\u00e9n P\u00e9rez (Granada), Nazareno Colombo (Estudiantes de La Plata), Facundo Medina (Lens), Leonardo Balerdi (Olympique de Marsella), Francisco Ortega (V\u00e9lez), Claudio Bravo (Portland Timbers), Mart\u00edn Payero (Banfield), Fausto Vera (Argentinos), Santiago Colombatto (Le\u00f3n), Tom\u00e1s Belmonte (Lan\u00fas), Pedro De La Vega (Lan\u00fas), Fernando Valenzuela (Famalic\u00e3o), Alexis Mac Allister (Brighton), Thiago Almada (V\u00e9lez), Agust\u00edn Urzi (Banfield), Ezequiel Barco (Atlanta United), Adolfo Gaich (Benevento) y Ezequiel Ponce (Spartak Mosc\u00fa).<\/p>\n<p>&nbsp;<\/p>\n<p style=\"text-align: justify;\">Vale destacar que la lista de futbolistas de los Juegos Ol\u00edmpicos permite la incorporaci\u00f3n de 3 futbolistas mayores y \u201cBocha\u201d Batista tendr\u00e1 en cuenta a P\u00e9rez, Izquierdoz, Fern\u00e1ndez, Driussi, Correa, Alario y los arqueros Musso, Marches\u00edn y Ledesma.<\/p>\n","protected":false},"excerpt":{"rendered":"<p>&nbsp; El futbolista de Olavarr\u00eda fue incluido en la lista de jugadores Sub23 de la Selecci\u00f3n Argentina que jugar\u00e1 amistosos<\/p>\n","protected":false},"author":96739694,"featured_media":141996,"comment_status":"closed","ping_status":"closed","sticky":false,"template":"","format":"standard","meta":{"_jetpack_memberships_contains_paid_content":false,"footnotes":""},"categories":[35,37,1],"tags":[],"class_list":["post-135053","post","type-post","status-publish","format-standard","has-post-thumbnail","hentry","category-futbol","category-futbol-profesional","category-portada"],"jetpack_featured_media_url":"https:\/\/i0.wp.com\/cdnoticias.com\/wp-content\/uploads\/2021\/05\/pedro-de-la-vega-argentina-1579259004-29981.jpg?fit=512%2C288&ssl=1","jetpack_sharing_enabled":true,"_links":{"self":[{"href":"https:\/\/cdnoticias.com\/index.php\/wp-json\/wp\/v2\/posts\/135053","targetHints":{"allow":["GET"]}}],"collection":[{"href":"https:\/\/cdnoticias.com\/index.php\/wp-json\/wp\/v2\/posts"}],"about":[{"href":"https:\/\/cdnoticias.com\/index.php\/wp-json\/wp\/v2\/types\/post"}],"author":[{"embeddable":true,"href":"https:\/\/cdnoticias.com\/index.php\/wp-json\/wp\/v2\/users\/96739694"}],"replies":[{"embeddable":true,"href":"https:\/\/cdnoticias.com\/index.php\/wp-json\/wp\/v2\/comments?post=135053"}],"version-history":[{"count":0,"href":"https:\/\/cdnoticias.com\/index.php\/wp-json\/wp\/v2\/posts\/135053\/revisions"}],"wp:featuredmedia":[{"embeddable":true,"href":"https:\/\/cdnoticias.com\/index.php\/wp-json\/wp\/v2\/media\/141996"}],"wp:attachment":[{"href":"https:\/\/cdnoticias.com\/index.php\/wp-json\/wp\/v2\/media?parent=135053"}],"wp:term":[{"taxonomy":"category","embeddable":true,"href":"https:\/\/cdnoticias.com\/index.php\/wp-json\/wp\/v2\/categories?post=135053"},{"taxonomy":"post_tag","embeddable":true,"href":"https:\/\/cdnoticias.com\/index.php\/wp-json\/wp\/v2\/tags?post=135053"}],"curies":[{"name":"wp","href":"https:\/\/api.w.org\/{rel}","templated":true}]}}