{"id":135041,"date":"2021-05-19T23:55:12","date_gmt":"2021-05-20T02:55:12","guid":{"rendered":"http:\/\/centraldeportes.com.ar\/?p=475"},"modified":"2025-01-23T22:05:42","modified_gmt":"2025-01-24T01:05:42","slug":"lucas-janson-y-compania-en-playoff-de-la-copa-libertadores","status":"publish","type":"post","link":"https:\/\/cdnoticias.com\/index.php\/2021\/05\/19\/lucas-janson-y-compania-en-playoff-de-la-copa-libertadores\/","title":{"rendered":"Lucas Janson y compa\u00f1\u00eda en playoff de la Copa Libertadores"},"content":{"rendered":"<p>&nbsp;<\/p>\n<p>V\u00e9lez derrot\u00f3 2 a 1 a Uni\u00f3n La Calera y con el empate de Liga Deportiva Universitario en Brasil, asegur\u00f3 su presencia en 8vos de final de la Copa Libertadores.<\/p>\n<p><!--more--><\/p>\n<hr \/>\n<p>A falta de una fecha de la zona de grupos, V\u00e9lez clasific\u00f3 a la siguiente instancia de la Copa Libertadores ya que hizo su parte y recibi\u00f3 ayuda desde Brasil.<\/p>\n<p>Lucas Janson fue titular en el triunfo del Fort\u00edn en el Jos\u00e9 Amalfitani con goles de Cristi\u00e1n Tarragona y Thiago Almada. Jeisson Vargas hab\u00eda marcado la igualdad transitoria para Uni\u00f3n La Calera.<\/p>\n<p>Por otro lado, en Brasil, Flamengo y Liga Deportiva Universitario igualaron 2 a 2 por lo que el equipo de Mauricio Pellegrino logr\u00f3 el pasaje a la instancia de playoff de la competencia m\u00e1s importante de Am\u00e9rica.<\/p>\n<p>Para cerrar la instancia de grupos, visitar\u00e1 el pr\u00f3ximo jueves a Flamengo.<\/p>\n","protected":false},"excerpt":{"rendered":"<p>&nbsp; V\u00e9lez derrot\u00f3 2 a 1 a Uni\u00f3n La Calera y con el empate de Liga Deportiva Universitario en Brasil,<\/p>\n","protected":false},"author":96739694,"featured_media":0,"comment_status":"closed","ping_status":"closed","sticky":false,"template":"","format":"standard","meta":{"_jetpack_memberships_contains_paid_content":false,"footnotes":""},"categories":[35,1],"tags":[],"class_list":["post-135041","post","type-post","status-publish","format-standard","hentry","category-futbol","category-portada"],"jetpack_featured_media_url":"","jetpack_sharing_enabled":true,"_links":{"self":[{"href":"https:\/\/cdnoticias.com\/index.php\/wp-json\/wp\/v2\/posts\/135041","targetHints":{"allow":["GET"]}}],"collection":[{"href":"https:\/\/cdnoticias.com\/index.php\/wp-json\/wp\/v2\/posts"}],"about":[{"href":"https:\/\/cdnoticias.com\/index.php\/wp-json\/wp\/v2\/types\/post"}],"author":[{"embeddable":true,"href":"https:\/\/cdnoticias.com\/index.php\/wp-json\/wp\/v2\/users\/96739694"}],"replies":[{"embeddable":true,"href":"https:\/\/cdnoticias.com\/index.php\/wp-json\/wp\/v2\/comments?post=135041"}],"version-history":[{"count":0,"href":"https:\/\/cdnoticias.com\/index.php\/wp-json\/wp\/v2\/posts\/135041\/revisions"}],"wp:attachment":[{"href":"https:\/\/cdnoticias.com\/index.php\/wp-json\/wp\/v2\/media?parent=135041"}],"wp:term":[{"taxonomy":"category","embeddable":true,"href":"https:\/\/cdnoticias.com\/index.php\/wp-json\/wp\/v2\/categories?post=135041"},{"taxonomy":"post_tag","embeddable":true,"href":"https:\/\/cdnoticias.com\/index.php\/wp-json\/wp\/v2\/tags?post=135041"}],"curies":[{"name":"wp","href":"https:\/\/api.w.org\/{rel}","templated":true}]}}