{"id":135036,"date":"2021-05-18T12:07:28","date_gmt":"2021-05-18T15:07:28","guid":{"rendered":"http:\/\/centraldeportes.com.ar\/?p=440"},"modified":"2025-01-23T22:05:44","modified_gmt":"2025-01-24T01:05:44","slug":"estoy-muy-pendiente-de-lograr-la-marca-para-estar-en-el-sudamericano","status":"publish","type":"post","link":"https:\/\/cdnoticias.com\/index.php\/2021\/05\/18\/estoy-muy-pendiente-de-lograr-la-marca-para-estar-en-el-sudamericano\/","title":{"rendered":"\u201cEstoy muy pendiente de lograr la marca para estar en el Sudamericano\u201d"},"content":{"rendered":"<p>Bautista Astiz es un atleta del Club Social y Deportivo El Fort\u00edn que se encuentra preparando su siguiente desaf\u00edo: clasificar al Campeonato Sudamericano Sub20 que tendr\u00e1 lugar en Per\u00fa.<!--more--><\/p>\n<hr \/>\n<p>&nbsp;<\/p>\n<p>De cara a lo que ser\u00e1 la competencia internacional con los mejores atletas juveniles de Am\u00e9rica y su expectativa por decir presente, Bautista Astiz dijo presente en varias carreras desde que se permiti\u00f3 el regreso de los eventos deportivos.<\/p>\n<p>&nbsp;<\/p>\n<p><img data-recalc-dims=\"1\" loading=\"lazy\" decoding=\"async\" class=\"alignnone size-full wp-image-442\" src=\"https:\/\/i0.wp.com\/centraldeportes.com.ar\/wp-content\/uploads\/2021\/05\/WhatsApp-Image-2021-05-17-at-13.57.07.jpeg?resize=800%2C534\" alt=\"\" width=\"800\" height=\"534\" \/><\/p>\n<p>&nbsp;<\/p>\n<p>Grandes actuaciones en Mar del Plata, una destacada performance en Entre R\u00edos donde particip\u00f3 de los Grand Prix Sudamericanos y a la espera del Campeonato Nacional Sub20 que se posterg\u00f3 y tendr\u00e1 lugar en junio, Bautista Astiz entrena con un \u00fanico objetivo: \u201c<strong>Estar pendiente de lograr la marca para estar en el Campeonato Sudamericano Sub20<\/strong>\u201d.<\/p>\n<p>El atleta Fortinero que corri\u00f3 los 100 metros en menos de 11 segundos, se muestra convencido \u201c<em>de que lo puedo lograr y entreno muy fuerte para poder lograrlo<\/em>\u201d.<\/p>\n<p>\u201c<em>Estoy muy contento con los resultados que vengo obteniendo, pero el objetivo del a\u00f1o es llegar a la Selecci\u00f3n Argentina<\/em>\u201d, sentenci\u00f3 el joven que entrena diariamente en la pista municipal del atletismo.<\/p>\n<p>Selecci\u00f3n Argentina que dir\u00e1 presente, si las condiciones sanitarias lo permiten, en el certamen internacional que sufrir\u00e1 modificaciones en la fecha de disputa, como el evento nacional que tendr\u00e1 lugar en Chaco.<\/p>\n","protected":false},"excerpt":{"rendered":"<p>Bautista Astiz es un atleta del Club Social y Deportivo El Fort\u00edn que se encuentra preparando su siguiente desaf\u00edo: clasificar<\/p>\n","protected":false},"author":96739694,"featured_media":0,"comment_status":"closed","ping_status":"closed","sticky":false,"template":"","format":"standard","meta":{"_jetpack_memberships_contains_paid_content":false,"footnotes":""},"categories":[38,1],"tags":[],"class_list":["post-135036","post","type-post","status-publish","format-standard","hentry","category-pedestrismo","category-portada"],"jetpack_featured_media_url":"","jetpack_sharing_enabled":true,"_links":{"self":[{"href":"https:\/\/cdnoticias.com\/index.php\/wp-json\/wp\/v2\/posts\/135036","targetHints":{"allow":["GET"]}}],"collection":[{"href":"https:\/\/cdnoticias.com\/index.php\/wp-json\/wp\/v2\/posts"}],"about":[{"href":"https:\/\/cdnoticias.com\/index.php\/wp-json\/wp\/v2\/types\/post"}],"author":[{"embeddable":true,"href":"https:\/\/cdnoticias.com\/index.php\/wp-json\/wp\/v2\/users\/96739694"}],"replies":[{"embeddable":true,"href":"https:\/\/cdnoticias.com\/index.php\/wp-json\/wp\/v2\/comments?post=135036"}],"version-history":[{"count":0,"href":"https:\/\/cdnoticias.com\/index.php\/wp-json\/wp\/v2\/posts\/135036\/revisions"}],"wp:attachment":[{"href":"https:\/\/cdnoticias.com\/index.php\/wp-json\/wp\/v2\/media?parent=135036"}],"wp:term":[{"taxonomy":"category","embeddable":true,"href":"https:\/\/cdnoticias.com\/index.php\/wp-json\/wp\/v2\/categories?post=135036"},{"taxonomy":"post_tag","embeddable":true,"href":"https:\/\/cdnoticias.com\/index.php\/wp-json\/wp\/v2\/tags?post=135036"}],"curies":[{"name":"wp","href":"https:\/\/api.w.org\/{rel}","templated":true}]}}